{"id":18646,"date":"2022-11-10T14:41:27","date_gmt":"2022-11-10T17:41:27","guid":{"rendered":"https:\/\/www.sertsc.org.br\/site\/?p=18646"},"modified":"2022-11-10T14:41:27","modified_gmt":"2022-11-10T17:41:27","slug":"mcom-divulga-lista-de-cidades-que-mais-avancaram-em-telecomunicacoes-em-2022","status":"publish","type":"post","link":"https:\/\/sertsc.org.br\/site\/mcom-divulga-lista-de-cidades-que-mais-avancaram-em-telecomunicacoes-em-2022\/","title":{"rendered":"MCom divulga lista de cidades que mais avan\u00e7aram em telecomunica\u00e7\u00f5es em 2022"},"content":{"rendered":"<p>O Minist\u00e9rio das Comunica\u00e7\u00f5es (MCom) participou, nesta ter\u00e7a-feira (8), do lan\u00e7amento da 7\u00aa edi\u00e7\u00e3o do ranking Cidades Amigas do 5G, da Conexis Brasil Digital. As cidades que se destacaram ao incentivar a implanta\u00e7\u00e3o de infraestrutura de telecomunica\u00e7\u00f5es e a expans\u00e3o da conectividade receberam um pr\u00eamio durante o evento. A secret\u00e1ria Nacional de Telecomunica\u00e7\u00f5es, Nathalia Lobo, representou a Pasta no evento realizado em Bras\u00edlia.<\/p>\n<p>As localidades mais bem colocadas foram:<\/p>\n<p>Ponta Grossa (PR)<br \/>\nPorto Alegre (RS)<br \/>\nCuritiba (PR)<br \/>\nS\u00e3o Jos\u00e9 dos Campos (SP)<br \/>\nUberl\u00e2ndia (MG)<br \/>\nJacare\u00ed (SP)<br \/>\nS\u00e3o Paulo (SP)<br \/>\nJoinville (SC)<br \/>\nJo\u00e3o Pessoa (PB) e<br \/>\nChapec\u00f3 (SC)<\/p>\n<p>O ranking Cidades Amigas do 5G evidencia os munic\u00edpios com maior efici\u00eancia em Autoriza\u00e7\u00e3o para instala\u00e7\u00e3o em at\u00e9 60 dias; prazo de validade da licen\u00e7a n\u00e3o inferior a 10 anos; se as solicita\u00e7\u00f5es s\u00e3o feitas em um \u00fanico \u00f3rg\u00e3o da prefeitura; processos e documenta\u00e7\u00e3o definidas; e valores das taxas de licenciamento razo\u00e1veis e condizentes com custo do processo de licenciamento. Durante o evento, a Conexis tamb\u00e9m apresentou o portal Conecte 5G, que re\u00fane informa\u00e7\u00f5es sobre 5G e sobre infraestruturas de telecomunica\u00e7\u00f5es.<\/p>\n<p>\u201cAvan\u00e7amos muito com a realiza\u00e7\u00e3o do leil\u00e3o do 5G, propondo a interioriza\u00e7\u00e3o da tecnologia, com a limpeza das faixas, entre outras a\u00e7\u00f5es. \u00c9 fundamental que tenhamos uma legisla\u00e7\u00e3o municipal adequada a essa necessidade de expans\u00e3o da infraestrutura que o 5G exige\u201d, explicou Nathalia Lobo. \u201cA melhoria da qualidade das telecomunica\u00e7\u00f5es e do 5G no Brasil s\u00f3 \u00e9 poss\u00edvel com o trabalho conjunto do Governo Federal, das empresas e dos munic\u00edpios\u201d, completou a secret\u00e1ria.<\/p>\n<p>Atualmente, s\u00e3o mais de 6,6 mil antenas de 5G espalhadas por todo pa\u00eds para garantir conex\u00e3o nas faixas de 2,3 GHz; 3,5 GHz e 26 GHz. As esta\u00e7\u00f5es levam a tecnologia a 50 milh\u00f5es de pessoas e potencializam transforma\u00e7\u00f5es digitais. Bras\u00edlia foi a primeira cidade a receber o sinal, na faixa de 3,5 GHz, em julho deste ano e j\u00e1 est\u00e1 dispon\u00edvel em todas as capitais, podendo atingir cerca de 50 milh\u00f5es de pessoas.<\/p>\n<p>No momento, o 5G avan\u00e7a para as 26 cidades com mais de 500 mil habitantes e regi\u00f5es metropolitanas, que somam 454 munic\u00edpios. Para essas localidades, j\u00e1 foi liberada a limpeza da faixa de 3,5 GHz (principal usada para o 5G) e iniciadas as a\u00e7\u00f5es para migra\u00e7\u00e3o da recep\u00e7\u00e3o de TV aberta por antena parab\u00f3lica, da banda C para a banda Ku. A delibera\u00e7\u00e3o foi tomada, em outubro, pelo Grupo de Acompanhamento da Implanta\u00e7\u00e3o das Solu\u00e7\u00f5es para os Problemas de Interfer\u00eancia na faixa de 3.625 a 3.700 MHz (Gaispi).<\/p>\n<p><img fetchpriority=\"high\" decoding=\"async\" class=\"wp-image-18647 aligncenter\" src=\"https:\/\/www.sertsc.org.br\/site\/wp-content\/uploads\/2022\/11\/3-300x197.png\" alt=\"\" width=\"493\" height=\"324\" \/><\/p>\n<p>Informa\u00e7\u00f5es do MCom<\/p>\n<p>Fonte: ABRATEL.<\/p>\n","protected":false},"excerpt":{"rendered":"<p>O Minist\u00e9rio das Comunica\u00e7\u00f5es (MCom) participou, nesta ter\u00e7a-feira (8), do&hellip;<\/p>\n<p> <a class=\"more-link\" href=\"https:\/\/sertsc.org.br\/site\/mcom-divulga-lista-de-cidades-que-mais-avancaram-em-telecomunicacoes-em-2022\/\">Leia mais<\/a><\/p>\n","protected":false},"author":1,"featured_media":18647,"comment_status":"open","ping_status":"open","sticky":false,"template":"","format":"standard","meta":{"footnotes":""},"categories":[33,3],"tags":[],"class_list":{"0":"post-18646","1":"post","2":"type-post","3":"status-publish","4":"format-standard","5":"has-post-thumbnail","7":"category-destaques","8":"category-noticias"},"_links":{"self":[{"href":"https:\/\/sertsc.org.br\/site\/wp-json\/wp\/v2\/posts\/18646","targetHints":{"allow":["GET"]}}],"collection":[{"href":"https:\/\/sertsc.org.br\/site\/wp-json\/wp\/v2\/posts"}],"about":[{"href":"https:\/\/sertsc.org.br\/site\/wp-json\/wp\/v2\/types\/post"}],"author":[{"embeddable":true,"href":"https:\/\/sertsc.org.br\/site\/wp-json\/wp\/v2\/users\/1"}],"replies":[{"embeddable":true,"href":"https:\/\/sertsc.org.br\/site\/wp-json\/wp\/v2\/comments?post=18646"}],"version-history":[{"count":0,"href":"https:\/\/sertsc.org.br\/site\/wp-json\/wp\/v2\/posts\/18646\/revisions"}],"wp:featuredmedia":[{"embeddable":true,"href":"https:\/\/sertsc.org.br\/site\/wp-json\/"}],"wp:attachment":[{"href":"https:\/\/sertsc.org.br\/site\/wp-json\/wp\/v2\/media?parent=18646"}],"wp:term":[{"taxonomy":"category","embeddable":true,"href":"https:\/\/sertsc.org.br\/site\/wp-json\/wp\/v2\/categories?post=18646"},{"taxonomy":"post_tag","embeddable":true,"href":"https:\/\/sertsc.org.br\/site\/wp-json\/wp\/v2\/tags?post=18646"}],"curies":[{"name":"wp","href":"https:\/\/api.w.org\/{rel}","templated":true}]}}