{"id":18643,"date":"2022-11-10T14:28:02","date_gmt":"2022-11-10T17:28:02","guid":{"rendered":"https:\/\/www.sertsc.org.br\/site\/?p=18643"},"modified":"2022-11-10T14:28:02","modified_gmt":"2022-11-10T17:28:02","slug":"prazo-de-consulta-publica-para-edital-de-licitacao-de-outorgas-de-radio-e-tv-e-prorrogada","status":"publish","type":"post","link":"https:\/\/sertsc.org.br\/site\/prazo-de-consulta-publica-para-edital-de-licitacao-de-outorgas-de-radio-e-tv-e-prorrogada\/","title":{"rendered":"Prazo de consulta p\u00fablica para edital de licita\u00e7\u00e3o de outorgas de R\u00e1dio e TV \u00e9 prorrogada"},"content":{"rendered":"<p>Com novo prazo, colabora\u00e7\u00f5es podem ser enviadas at\u00e9 18 de novembro pela Plataforma Participa +Brasil<br \/>\nA Secretaria de Radiodifus\u00e3o (Serad) do Minist\u00e9rio das Comunica\u00e7\u00f5es (MCom), decidiu prorrogar em 10 dias o prazo para envio de colabora\u00e7\u00f5es sobre a minuta do Edital de Licita\u00e7\u00e3o para a permiss\u00e3o do servi\u00e7o de radiodifus\u00e3o sonora comercial de FM e para a concess\u00e3o do servi\u00e7o de radiodifus\u00e3o de sons e imagens (TV). O prazo fica aberto at\u00e9 o dia 18 de novembro. As sugest\u00f5es devem ser encaminhadas pela Plataforma Participa +Brasil.<\/p>\n<p>A permiss\u00e3o para explora\u00e7\u00e3o de servi\u00e7o de radiodifus\u00e3o em r\u00e1dios FM ser\u00e1 concedida por um per\u00edodo de 10 anos. J\u00e1 para as TVs, o prazo de concess\u00e3o ser\u00e1 de 15 anos. A a\u00e7\u00e3o d\u00e1 seguimento ao planejamento e \u00e0 prepara\u00e7\u00e3o de novos editais para o setor. O pr\u00f3ximo passo ser\u00e1 a consolida\u00e7\u00e3o do Plano Nacional de Outorgas (PNO) e, futuramente, o lan\u00e7amento do edital de licita\u00e7\u00e3o. D\u00favidas podem ser sanadas por meio do Espa\u00e7o do Radiodifusor, pelo telefone: (61) 2027-6397.<\/p>\n<p><img fetchpriority=\"high\" decoding=\"async\" class=\"wp-image-18644 aligncenter\" src=\"https:\/\/www.sertsc.org.br\/site\/wp-content\/uploads\/2022\/11\/1-3-300x200.jpg\" alt=\"\" width=\"501\" height=\"334\" \/><\/p>\n<p>Fonte: ABRATEL.<\/p>\n","protected":false},"excerpt":{"rendered":"<p>Com novo prazo, colabora\u00e7\u00f5es podem ser enviadas at\u00e9 18 de&hellip;<\/p>\n<p> <a class=\"more-link\" href=\"https:\/\/sertsc.org.br\/site\/prazo-de-consulta-publica-para-edital-de-licitacao-de-outorgas-de-radio-e-tv-e-prorrogada\/\">Leia mais<\/a><\/p>\n","protected":false},"author":1,"featured_media":18644,"comment_status":"open","ping_status":"open","sticky":false,"template":"","format":"standard","meta":{"footnotes":""},"categories":[33,3],"tags":[],"class_list":{"0":"post-18643","1":"post","2":"type-post","3":"status-publish","4":"format-standard","5":"has-post-thumbnail","7":"category-destaques","8":"category-noticias"},"_links":{"self":[{"href":"https:\/\/sertsc.org.br\/site\/wp-json\/wp\/v2\/posts\/18643","targetHints":{"allow":["GET"]}}],"collection":[{"href":"https:\/\/sertsc.org.br\/site\/wp-json\/wp\/v2\/posts"}],"about":[{"href":"https:\/\/sertsc.org.br\/site\/wp-json\/wp\/v2\/types\/post"}],"author":[{"embeddable":true,"href":"https:\/\/sertsc.org.br\/site\/wp-json\/wp\/v2\/users\/1"}],"replies":[{"embeddable":true,"href":"https:\/\/sertsc.org.br\/site\/wp-json\/wp\/v2\/comments?post=18643"}],"version-history":[{"count":0,"href":"https:\/\/sertsc.org.br\/site\/wp-json\/wp\/v2\/posts\/18643\/revisions"}],"wp:featuredmedia":[{"embeddable":true,"href":"https:\/\/sertsc.org.br\/site\/wp-json\/"}],"wp:attachment":[{"href":"https:\/\/sertsc.org.br\/site\/wp-json\/wp\/v2\/media?parent=18643"}],"wp:term":[{"taxonomy":"category","embeddable":true,"href":"https:\/\/sertsc.org.br\/site\/wp-json\/wp\/v2\/categories?post=18643"},{"taxonomy":"post_tag","embeddable":true,"href":"https:\/\/sertsc.org.br\/site\/wp-json\/wp\/v2\/tags?post=18643"}],"curies":[{"name":"wp","href":"https:\/\/api.w.org\/{rel}","templated":true}]}}