{"id":18636,"date":"2022-11-08T13:53:28","date_gmt":"2022-11-08T16:53:28","guid":{"rendered":"https:\/\/www.sertsc.org.br\/site\/?p=18636"},"modified":"2022-11-08T13:53:28","modified_gmt":"2022-11-08T16:53:28","slug":"em-seu-primeiro-congresso-desde-2018-abert-confirma-programacao-completa-para-a-proxima-semana","status":"publish","type":"post","link":"https:\/\/sertsc.org.br\/site\/em-seu-primeiro-congresso-desde-2018-abert-confirma-programacao-completa-para-a-proxima-semana\/","title":{"rendered":"Em seu primeiro congresso desde 2018, ABERT confirma programa\u00e7\u00e3o completa para a pr\u00f3xima semana"},"content":{"rendered":"<p>Ser\u00e1 na pr\u00f3xima semana o primeiro congresso presencial organizado pela ABERT desde 2018. E a grade do &#8220;29\u00ba Congresso Brasileiro de Radiodifus\u00e3o&#8221; j\u00e1 foi confirmada pela associa\u00e7\u00e3o, contando com nomes importantes da radiodifus\u00e3o nacional e tamb\u00e9m internacional. O tema desta edi\u00e7\u00e3o ser\u00e1 &#8220;R\u00e1dio e TV: para todo mundo, em todo lugar&#8221;. A Mostra R\u00e1dio em Movimento, alusiva aos 100 anos do r\u00e1dio no Brasil, tamb\u00e9m faz parte da programa\u00e7\u00e3o. O congresso, que ter\u00e1 a cobertura do tudoradio.com, ser\u00e1 realizado nos dias 16 e 17 de novembro, no Royal Tulip Alvorada, em Bras\u00edlia (DF). Acompanhe os destaques e a grade completa:<\/p>\n<p>Conforme noticiado anteriormente, al\u00e9m da programa\u00e7\u00e3o de palestras, o 29\u00ba Congresso Brasileiro de Radiodifus\u00e3o contar\u00e1, tamb\u00e9m, com a Mostra R\u00e1dio em Movimento, em comemora\u00e7\u00e3o aos 100 anos do r\u00e1dio no Brasil e da Semana de Arte Moderna. Outro ponto de interesse ser\u00e1 a &#8220;Sala da Radiodifus\u00e3o&#8221;, onde representantes do Minist\u00e9rio das Comunica\u00e7\u00f5es (MCom), da Ag\u00eancia Nacional de Telecomunica\u00e7\u00f5es (Anatel) e do Escrit\u00f3rio Central de Arrecada\u00e7\u00e3o e Distribui\u00e7\u00e3o (ECAD) atender\u00e3o os radiodifusores interessados em resolver pend\u00eancias ou conversar sobre a situa\u00e7\u00e3o de suas emissoras.<\/p>\n<p>No dia 16, primeiro dia da programa\u00e7\u00e3o, haver\u00e1 a partir das 19h00 a Cerim\u00f4nia de Abertura do 29\u00ba Congresso Brasileiro de Radiodifus\u00e3o, com homenagens &#8220;Medalha do M\u00e9rito da Radiodifus\u00e3o&#8221; e &#8220;Medalha Assis Chateaubriand&#8221;. Na sequ\u00eancia, \u00e0s 21h, ocorrer\u00e1 um coquetel festivo, com a apresenta\u00e7\u00e3o do cantor Mumuzinho.<\/p>\n<p>Programa\u00e7\u00e3o completa do congresso (dia 17, quinta-feira):<\/p>\n<p>No dia 17, o congresso ser\u00e1 iniciado \u00e0s 09h com a palestra de abertura sobre \u201cAs barreiras e assimetrias regulat\u00f3rias no ambiente de m\u00eddia\u201d. O debate ter\u00e1 o comando do vice-presidente e conselheiro da NAB (National Association of Broadcasters), Patrick McFadden.<\/p>\n<p>Na sequ\u00eancia, das 09h30 \u00e0s 10h45, McFadden estar\u00e1 ao lado dos painelistas Eugenio Sosa, presidente da AIR, Sandro Mendon\u00e7a, conselheiro da Anacom, de Portugal, e Mois\u00e9s Moreira, vice-presidente da Ag\u00eancia Nacional de Telecomunica\u00e7\u00f5es. A media\u00e7\u00e3o estar\u00e1 a cargo do presidente da ABERT, Fl\u00e1vio Lara Resende. O tema ser\u00e1 competi\u00e7\u00e3o: &#8220;O cen\u00e1rio de concorr\u00eancia e as barreiras e assimetrias de regras no ambiente de m\u00eddia&#8221;.<\/p>\n<p>Ap\u00f3s um coffee break, \u00e0s 11h15 ocorrer\u00e1 o painel comemorativo \u201c100 ANOS DO R\u00c1DIO: Contando e encantando o Brasil\u201d, com a participa\u00e7\u00e3o de radialistas como Milton Neves, da BandNews FM 96.9 de S\u00e3o Paulo; Milton Jung, da Rede CBN; e Roberto Ara\u00fajo, CEO do Grupo Jovem Pan, com media\u00e7\u00e3o de Diogo Gon\u00e7alves, presidente-executivo da R\u00e1dio Itatiaia FM 95.7 AM 610 de Belo Horizonte.<\/p>\n<p>Depois do almo\u00e7o, \u00e0s 14h00, ser\u00e1 realizado o painel credibilidade \u201cO jornalismo profissional a bem da verdade\u201d, debatido por Ricardo Vilella, diretor-executivo de Jornalismo do Grupo Globo; Rodolfo Schneider, diretor-executivo de Jornalismo da BAND e Jos\u00e9 Occhiuso, diretor de Jornalismo do SBT. O mediador ser\u00e1 o ex-presidente da ABERT e vice-presidente de Rela\u00e7\u00f5es Institucionais do Grupo Globo, Paulo Tonet Camargo.<\/p>\n<p>\u00c0s 15h00, o debate sobre as tend\u00eancias no setor reunir\u00e1 a CEO da Kantar IBOPE Media, Melissa Vogel, do diretor executivo de Estrat\u00e9gias de Tecnologia do Grupo Globo, Raymundo Barros, e do vice-presidente da Pluto TV, Fabricio Proti. O diretor de Rede e Assuntos Regulat\u00f3rios do SBT, Roberto Franco, mediar\u00e1 a conversa sobre \u201cA transforma\u00e7\u00e3o tecnol\u00f3gica e as mudan\u00e7as de h\u00e1bitos na ind\u00fastria de m\u00eddia\u201d.<\/p>\n<p>Ap\u00f3s o coffee break do per\u00edodo da tarde, \u00e0s 16h30, o congresso ser\u00e1 encerrado com o painel \u201cR\u00e1dio e TV: Humor nosso de cada dia&#8221;, que ter\u00e1 Marcus Majella (Grupo Globo), Marlei Cevada (SBT) e Tatola Godas (Band \/ 89 FM A R\u00e1dio Rock) como debatedores, tendo a media\u00e7\u00e3o da jornalista Carla Bigatto (Grupo Bandeirantes \/ Rede BandNews FM).<\/p>\n<p>Depois do \u00faltimo painel, \u00e0s 17h30, o 29\u00ba Congresso Brasileiro de Radiodifus\u00e3o contar\u00e1 ainda com um coquetel de encerramento, com a apresenta\u00e7\u00e3o da DJ Gabriella Buzzi.<\/p>\n<p>Caravanas estaduais<\/p>\n<p>As associa\u00e7\u00f5es de radiodifus\u00e3o estaduais est\u00e3o organizando caravanas para os interessados em participar do 29\u00ba Congresso Brasileiro de Radiodifus\u00e3o. Ser\u00e3o concedidos 20% de desconto na hora da inscri\u00e7\u00e3o para grupos de 10 pessoas ou mais. Entidades como AESP, ASSERPE, AERP, ASSERP, AMIRT, AGERT, ACAERT, entre outras, j\u00e1 anunciaram a possibilidade de organiza\u00e7\u00e3o de caravanas, com base nesse desconto que ser\u00e1 concedido pela ABERT.<\/p>\n<p>Tamb\u00e9m existe a possibilidade de descontos nas di\u00e1rias de estadia em Plaza Bras\u00edlia Hot\u00e9is, Golden Tulip e HPlus Hotelaria.<\/p>\n<p>O congresso<\/p>\n<p>Marcado para os dias 16 e 17 de novembro, o 29\u00ba Congresso Brasileiro de Radiodifus\u00e3o celebrar\u00e1 os 60 anos da ABERT e tamb\u00e9m o centen\u00e1rio da radiodifus\u00e3o brasileira. A programa\u00e7\u00e3o que ser\u00e1 realizada em Bras\u00edlia reunir\u00e1 empres\u00e1rios, profissionais de r\u00e1dio e TV e renomados comunicadores para discutir temas como liberdade de express\u00e3o, gest\u00e3o empresarial, inova\u00e7\u00e3o, publicidade, competitividade e converg\u00eancia tecnol\u00f3gica.<\/p>\n<p>As inscri\u00e7\u00f5es podem ser feitas pelo link congressoabert.org.br<\/p>\n<p><img fetchpriority=\"high\" decoding=\"async\" class=\"wp-image-18637 aligncenter\" src=\"https:\/\/www.sertsc.org.br\/site\/wp-content\/uploads\/2022\/11\/Aniversario-Email-22-3-300x200.png\" alt=\"\" width=\"488\" height=\"325\" \/><\/p>\n<p>Fonte: Tudo R\u00e1dio.<\/p>\n","protected":false},"excerpt":{"rendered":"<p>Ser\u00e1 na pr\u00f3xima semana o primeiro congresso presencial organizado pela&hellip;<\/p>\n<p> <a class=\"more-link\" href=\"https:\/\/sertsc.org.br\/site\/em-seu-primeiro-congresso-desde-2018-abert-confirma-programacao-completa-para-a-proxima-semana\/\">Leia mais<\/a><\/p>\n","protected":false},"author":1,"featured_media":18637,"comment_status":"open","ping_status":"open","sticky":false,"template":"","format":"standard","meta":{"footnotes":""},"categories":[33,3],"tags":[],"class_list":{"0":"post-18636","1":"post","2":"type-post","3":"status-publish","4":"format-standard","5":"has-post-thumbnail","7":"category-destaques","8":"category-noticias"},"_links":{"self":[{"href":"https:\/\/sertsc.org.br\/site\/wp-json\/wp\/v2\/posts\/18636","targetHints":{"allow":["GET"]}}],"collection":[{"href":"https:\/\/sertsc.org.br\/site\/wp-json\/wp\/v2\/posts"}],"about":[{"href":"https:\/\/sertsc.org.br\/site\/wp-json\/wp\/v2\/types\/post"}],"author":[{"embeddable":true,"href":"https:\/\/sertsc.org.br\/site\/wp-json\/wp\/v2\/users\/1"}],"replies":[{"embeddable":true,"href":"https:\/\/sertsc.org.br\/site\/wp-json\/wp\/v2\/comments?post=18636"}],"version-history":[{"count":0,"href":"https:\/\/sertsc.org.br\/site\/wp-json\/wp\/v2\/posts\/18636\/revisions"}],"wp:featuredmedia":[{"embeddable":true,"href":"https:\/\/sertsc.org.br\/site\/wp-json\/"}],"wp:attachment":[{"href":"https:\/\/sertsc.org.br\/site\/wp-json\/wp\/v2\/media?parent=18636"}],"wp:term":[{"taxonomy":"category","embeddable":true,"href":"https:\/\/sertsc.org.br\/site\/wp-json\/wp\/v2\/categories?post=18636"},{"taxonomy":"post_tag","embeddable":true,"href":"https:\/\/sertsc.org.br\/site\/wp-json\/wp\/v2\/tags?post=18636"}],"curies":[{"name":"wp","href":"https:\/\/api.w.org\/{rel}","templated":true}]}}