{"id":18633,"date":"2022-11-08T13:48:34","date_gmt":"2022-11-08T16:48:34","guid":{"rendered":"https:\/\/www.sertsc.org.br\/site\/?p=18633"},"modified":"2022-11-08T13:48:34","modified_gmt":"2022-11-08T16:48:34","slug":"set-divulga-sua-programacao-de-eventos-para-2023-set-expo-sera-realizado-entre-os-dias-7-e-10-de-agosto","status":"publish","type":"post","link":"https:\/\/sertsc.org.br\/site\/set-divulga-sua-programacao-de-eventos-para-2023-set-expo-sera-realizado-entre-os-dias-7-e-10-de-agosto\/","title":{"rendered":"SET divulga sua programa\u00e7\u00e3o de eventos para 2023; SET Expo ser\u00e1 realizado entre os dias 7 e 10 de agosto"},"content":{"rendered":"<p>A SET divulgou o lan\u00e7amento da sua grade 2023 de eventos. O evento contou com a participa\u00e7\u00e3o de executivos, que no fim do evento, deixaram reservados mais de 1.100 m2 quadrados de estandes para a edi\u00e7\u00e3o 2023 do SET Expo. O evento est\u00e1 marcado para ser realizado entre os dias 7 e 10 de agosto, na capital. Al\u00e9m disso, foram confirmadas tamb\u00e9m duas edi\u00e7\u00f5es do SET:30, o SET eXPerience, SET Regionais e os novos SET Breakfast e SETcast.<\/p>\n<p>O executivo de vendas da SET, Leo Carbonel, apresentou os resultados dos eventos de 2022, com destaque para o SET EXPO que teve mais de 14 mil visitantes, dos quais 1.200 foram congressistas. Al\u00e9m de 100 pessoas no SET:30, em Las Vegas, Estados Unidos, e mais de duzentas participa\u00e7\u00f5es nos regionais Sul e Nordeste realizados no Brasil.<\/p>\n<p>Em 2023, o calend\u00e1rio da SET estabelece eventos f\u00edsicos\/presenciais, produtos h\u00edbridos e outros exclusivamente digitais. Al\u00e9m do SET Expo, houve a confirma\u00e7\u00e3o dos cinco SET Regionais. O SET Sudeste ser\u00e1 no Rio de Janeiro em mar\u00e7o; SET SUL em Curitiba (Mai\/23); SET Centro-Oeste em Bras\u00edlia (Jun\/23); SET Nordeste em Recife (Out\/23); e SET Norte em Manaus (Nov\/23).<\/p>\n<p>A entidade tamb\u00e9m vai realizar o SET Breakfast, novo produto, que ser\u00e1 desenvolvido em diferentes cidades do pa\u00eds. \u201cEle \u00e9 uma deriva\u00e7\u00e3o dos SET Regionais. Teremos pelo menos duas datas, uma em S\u00e3o Paulo em mar\u00e7o, e outra em S\u00e3o Jos\u00e9 dos Campos, em Maio. O formato ser\u00e1 de um dia com dois pain\u00e9is e um keynote\u201d, explicou Carbonel.<\/p>\n<p>O SET eXPerience \u00e9 o evento h\u00edbrido de conte\u00fado r\u00e1pido que ser\u00e1 realizado em modelo talk show com edi\u00e7\u00f5es tem\u00e1ticas customizadas. O SET:30 ter\u00e1 duas edi\u00e7\u00f5es, sendo uma presencial como todos os anos em Las Vegas, e a cobertura do IBC em Amsterd\u00e3. Ainda foi apresentado um novo produto digital que ser\u00e1 o SETCast, \u201cuma nova forma de comunica\u00e7\u00e3o com os parceiros e associados, que ser\u00e1 um videocast com edi\u00e7\u00f5es quinzenais onde se comente o que est\u00e1 acontecendo na ind\u00fastria. Ter\u00e1 mais de 30 edi\u00e7\u00f5es durante 2023\u201d, explicou o executivo.<\/p>\n<p>Ainda foram apresentados os modelos de comercializa\u00e7\u00e3o da SET para 2023 e as mudan\u00e7as feitas a partir das necessidades dos parceiros, com montagem de produtos dispon\u00edveis, e projetos customizados, para isso, a SET apresentou solu\u00e7\u00f5es focadas em Real Estate, Publicidade e Thought Leadership (dando espa\u00e7o a quem \u00e9 parceiro da SET)<\/p>\n<p>Carbonell revelou a pesquisa realizada no SET EXPO que teve resultados positivos e que mostram a relev\u00e2ncia da SET, ele disse que em 2023 haver\u00e1 mais eventos presenciais em diferentes regi\u00f5es do pa\u00eds. \u201cA visibilidade e o refor\u00e7o de nossa marca s\u00e3o de extrema import\u00e2ncia neste mercado\u201d, por isso a SET est\u00e1 pensando em gerar a\u00e7\u00f5es espec\u00edficas com os clientes. Em termos de Thought Leaderships, Carbonell disse que este \u00e9 um espa\u00e7o muito procurado pelos parceiros da SET.<\/p>\n<p><img fetchpriority=\"high\" decoding=\"async\" class=\"wp-image-18634 aligncenter\" src=\"https:\/\/www.sertsc.org.br\/site\/wp-content\/uploads\/2022\/11\/Aniversario-Email-22-2-300x200.png\" alt=\"\" width=\"503\" height=\"335\" \/><\/p>\n<p>Com informa\u00e7\u00f5es da Fernando Moura da SET<\/p>\n<p>Fonte: Tudo R\u00e1dio.<\/p>\n","protected":false},"excerpt":{"rendered":"<p>A SET divulgou o lan\u00e7amento da sua grade 2023 de&hellip;<\/p>\n<p> <a class=\"more-link\" href=\"https:\/\/sertsc.org.br\/site\/set-divulga-sua-programacao-de-eventos-para-2023-set-expo-sera-realizado-entre-os-dias-7-e-10-de-agosto\/\">Leia mais<\/a><\/p>\n","protected":false},"author":1,"featured_media":18634,"comment_status":"open","ping_status":"open","sticky":false,"template":"","format":"standard","meta":{"footnotes":""},"categories":[33,3],"tags":[],"class_list":{"0":"post-18633","1":"post","2":"type-post","3":"status-publish","4":"format-standard","5":"has-post-thumbnail","7":"category-destaques","8":"category-noticias"},"_links":{"self":[{"href":"https:\/\/sertsc.org.br\/site\/wp-json\/wp\/v2\/posts\/18633","targetHints":{"allow":["GET"]}}],"collection":[{"href":"https:\/\/sertsc.org.br\/site\/wp-json\/wp\/v2\/posts"}],"about":[{"href":"https:\/\/sertsc.org.br\/site\/wp-json\/wp\/v2\/types\/post"}],"author":[{"embeddable":true,"href":"https:\/\/sertsc.org.br\/site\/wp-json\/wp\/v2\/users\/1"}],"replies":[{"embeddable":true,"href":"https:\/\/sertsc.org.br\/site\/wp-json\/wp\/v2\/comments?post=18633"}],"version-history":[{"count":0,"href":"https:\/\/sertsc.org.br\/site\/wp-json\/wp\/v2\/posts\/18633\/revisions"}],"wp:featuredmedia":[{"embeddable":true,"href":"https:\/\/sertsc.org.br\/site\/wp-json\/"}],"wp:attachment":[{"href":"https:\/\/sertsc.org.br\/site\/wp-json\/wp\/v2\/media?parent=18633"}],"wp:term":[{"taxonomy":"category","embeddable":true,"href":"https:\/\/sertsc.org.br\/site\/wp-json\/wp\/v2\/categories?post=18633"},{"taxonomy":"post_tag","embeddable":true,"href":"https:\/\/sertsc.org.br\/site\/wp-json\/wp\/v2\/tags?post=18633"}],"curies":[{"name":"wp","href":"https:\/\/api.w.org\/{rel}","templated":true}]}}