{"id":18612,"date":"2022-11-01T13:29:27","date_gmt":"2022-11-01T16:29:27","guid":{"rendered":"https:\/\/www.sertsc.org.br\/site\/?p=18612"},"modified":"2022-11-01T13:29:27","modified_gmt":"2022-11-01T16:29:27","slug":"abert-confirma-palestra-magna-com-vice-presidente-da-nab-patrick-mcfadden","status":"publish","type":"post","link":"https:\/\/sertsc.org.br\/site\/abert-confirma-palestra-magna-com-vice-presidente-da-nab-patrick-mcfadden\/","title":{"rendered":"ABERT confirma palestra magna com vice-presidente da NAB, Patrick McFadden"},"content":{"rendered":"<p>Bras\u00edlia \u2013 Congresso ser\u00e1 realizado nos dias 16 e 17 de novembro, em Bras\u00edlia<\/p>\n<p>A Associa\u00e7\u00e3o Brasileira de Emissoras de R\u00e1dio e Televis\u00e3o (ABERT) realizar\u00e1 o 29\u00ba Congresso Brasileiro de Radiodifus\u00e3o, nos dias 16 e 17 de novembro, no Royal Tulip Alvorada, em Bras\u00edlia. A associa\u00e7\u00e3o confirmou a palestra magna com o vice-presidente da NAB, Patrick McFadden, que ser\u00e1 realizada no dia 17.<\/p>\n<p>A edi\u00e7\u00e3o de 2022 celebrar\u00e1 os 60 anos da ABERT e reunir\u00e1 empres\u00e1rios, profissionais de r\u00e1dio e TV e renomados comunicadores para discutir temas como liberdade de express\u00e3o, gest\u00e3o empresarial, inova\u00e7\u00e3o, publicidade, competitividade e converg\u00eancia tecnol\u00f3gica. O evento conta, tamb\u00e9m, com a Mostra R\u00e1dio em Movimento, em comemora\u00e7\u00e3o aos 100 anos do r\u00e1dio no Brasil e da Semana de Arte Moderna.<\/p>\n<p>A programa\u00e7\u00e3o do evento prev\u00ea, no dia 17, a palestra de abertura sobre \u201cO cen\u00e1rio de concorr\u00eancia e as barreiras e assimetrias de regras no ambiente de m\u00eddia\u201d. O debate ter\u00e1 o comando do vice-presidente e conselheiro da NAB (National Association of Broadcasters), Patrick McFadden.<\/p>\n<p>Na sequ\u00eancia, McFadden estar\u00e1 ao lado dos painelistas Eugenio Sosa, presidente da AIR, Sandro Mendon\u00e7a, conselheiro da Anacom, de Portugal, e Mois\u00e9s Moreira, vice-presidente da Ag\u00eancia Nacional de Telecomunica\u00e7\u00f5es. A media\u00e7\u00e3o estar\u00e1 a cargo do presidente da ABERT, Fl\u00e1vio Lara Resende.<\/p>\n<p>Ainda no dia 17, o painel ser\u00e1 comemorativo: \u201c100 ANOS DO R\u00c1DIO: Contando e encantando o Brasil\u201d, com a participa\u00e7\u00e3o de radialistas como Milton Neves, da BandNews FM 96.9 de S\u00e3o Paulo; Milton Jung, da Rede CBN; e Roberto Ara\u00fajo, CEO do Grupo Jovem Pan, com media\u00e7\u00e3o de Diogo Gon\u00e7alves, presidente-executivo da R\u00e1dio Itatiaia FM 95.7 AM 610 de Belo Horizonte.<\/p>\n<p>\u201cO jornalismo profissional a bem da verdade\u201d ser\u00e1 debatido por Ricardo Vilella, diretor-executivo de Jornalismo do Grupo Globo; Rodolfo Schneider, diretor-executivo de Jornalismo da BAND e Jos\u00e9 Occhiuso, diretor de Jornalismo do SBT. O mediador ser\u00e1 o ex-presidente da ABERT e vice-presidente de Rela\u00e7\u00f5es Institucionais do Grupo Globo, Paulo Tonet Camargo.<\/p>\n<p>O debate sobre as tend\u00eancias no setor reunir\u00e1 a CEO da Kantar IBOPE Media, Melissa Vogel, do diretor executivo de Estrat\u00e9gias de Tecnologia do Grupo Globo, Raymundo Barros, edo vice-presidente da Pluto TV, Fabricio Proti. O diretor de Rede e Assuntos Regulat\u00f3rios do SBT, Roberto Franco, mediar\u00e1 a conversa sobre \u201cA transforma\u00e7\u00e3o tecnol\u00f3gica e as mudan\u00e7as de h\u00e1bitos na ind\u00fastria de m\u00eddia\u201d.<\/p>\n<p><img fetchpriority=\"high\" decoding=\"async\" class=\"wp-image-18613 aligncenter\" src=\"https:\/\/www.sertsc.org.br\/site\/wp-content\/uploads\/2022\/11\/Aniversario-Email-22-300x200.png\" alt=\"\" width=\"488\" height=\"325\" \/><\/p>\n<p>Fonte: Tudo R\u00e1dio.<\/p>\n","protected":false},"excerpt":{"rendered":"<p>Bras\u00edlia \u2013 Congresso ser\u00e1 realizado nos dias 16 e 17&hellip;<\/p>\n<p> <a class=\"more-link\" href=\"https:\/\/sertsc.org.br\/site\/abert-confirma-palestra-magna-com-vice-presidente-da-nab-patrick-mcfadden\/\">Leia mais<\/a><\/p>\n","protected":false},"author":1,"featured_media":18613,"comment_status":"open","ping_status":"open","sticky":false,"template":"","format":"standard","meta":{"footnotes":""},"categories":[33,3],"tags":[],"class_list":{"0":"post-18612","1":"post","2":"type-post","3":"status-publish","4":"format-standard","5":"has-post-thumbnail","7":"category-destaques","8":"category-noticias"},"_links":{"self":[{"href":"https:\/\/sertsc.org.br\/site\/wp-json\/wp\/v2\/posts\/18612","targetHints":{"allow":["GET"]}}],"collection":[{"href":"https:\/\/sertsc.org.br\/site\/wp-json\/wp\/v2\/posts"}],"about":[{"href":"https:\/\/sertsc.org.br\/site\/wp-json\/wp\/v2\/types\/post"}],"author":[{"embeddable":true,"href":"https:\/\/sertsc.org.br\/site\/wp-json\/wp\/v2\/users\/1"}],"replies":[{"embeddable":true,"href":"https:\/\/sertsc.org.br\/site\/wp-json\/wp\/v2\/comments?post=18612"}],"version-history":[{"count":0,"href":"https:\/\/sertsc.org.br\/site\/wp-json\/wp\/v2\/posts\/18612\/revisions"}],"wp:featuredmedia":[{"embeddable":true,"href":"https:\/\/sertsc.org.br\/site\/wp-json\/"}],"wp:attachment":[{"href":"https:\/\/sertsc.org.br\/site\/wp-json\/wp\/v2\/media?parent=18612"}],"wp:term":[{"taxonomy":"category","embeddable":true,"href":"https:\/\/sertsc.org.br\/site\/wp-json\/wp\/v2\/categories?post=18612"},{"taxonomy":"post_tag","embeddable":true,"href":"https:\/\/sertsc.org.br\/site\/wp-json\/wp\/v2\/tags?post=18612"}],"curies":[{"name":"wp","href":"https:\/\/api.w.org\/{rel}","templated":true}]}}