{"id":18602,"date":"2022-10-27T13:58:02","date_gmt":"2022-10-27T16:58:02","guid":{"rendered":"https:\/\/www.sertsc.org.br\/site\/?p=18602"},"modified":"2022-10-27T13:58:02","modified_gmt":"2022-10-27T16:58:02","slug":"senac-prossegue-nesta-semana-com-encontros-voltados-aos-100-anos-do-radio-no-pais","status":"publish","type":"post","link":"https:\/\/sertsc.org.br\/site\/senac-prossegue-nesta-semana-com-encontros-voltados-aos-100-anos-do-radio-no-pais\/","title":{"rendered":"Senac prossegue nesta semana com encontros voltados aos 100 anos do r\u00e1dio no pa\u00eds"},"content":{"rendered":"<p>O Senac (Servi\u00e7o Nacional de Aprendizagem Comercial) prossegue nesta semana com a s\u00e9rie de eventos especiais voltados aos 100 anos do r\u00e1dio no Brasil. As reuni\u00f5es tiveram in\u00edcio na \u00faltima ter\u00e7a-feira (25) e continuam at\u00e9 a pr\u00f3xima quinta-feira (27). Os eventos acontecem em diversas unidades do Senac no estado de S\u00e3o Paulo e poder\u00e3o ser assistidos tanto de forma presencial, quanto online.<\/p>\n<p>O Senac deu in\u00edcio no dia 22 do m\u00eas passado a uma s\u00e9rie de eventos relacionados aos 100 anos do r\u00e1dio no Brasil. Ontem (25) diversos encontros foram realizados em Ribeir\u00e3o Preto. As atividades seguem nesta quarta-feira (26), quando ser\u00e1 a vez do Senac de Sorocaba receber o evento. Na ocasi\u00e3o, ser\u00e3o abordados a hist\u00f3ria, evolu\u00e7\u00e3o e futuro da radiodifus\u00e3o no Brasil. Os palestrantes do dia ser\u00e3o Fernando Negr\u00e3o, Murillo Huada, Bruno Rochel e Jos\u00e9 Desid\u00e9rio da Silva. O encontro ser\u00e1 realizado entre 19h30 e 22h e ter\u00e1 a media\u00e7\u00e3o de Adriana Fratini.<\/p>\n<p>J\u00e1 na quinta-feira (27) os encontros acontecem em S\u00e3o Paulo e Presidente Prudente. Ao todo ser\u00e3o quatro reuni\u00f5es, as quais abordar\u00e3o temas ligados \u00e0 podcast, publicidade, como tamb\u00e9m uma cerim\u00f4nia de homenagem \u00e0s vozes do r\u00e1dio. Outro atrativo ser\u00e1 uma exposi\u00e7\u00e3o comemorativa que ir\u00e1 retratar sobre a hist\u00f3ria do r\u00e1dio, esta que ser\u00e1 aberta ao p\u00fablico e apresentar\u00e1 alguns objetos de \u00e9poca que contam a hist\u00f3ria da evolu\u00e7\u00e3o do ve\u00edculo no Brasil.<\/p>\n<p>Na \u00faltima semana o Senac tamb\u00e9m promoveu uma s\u00e9rie de eventos especiais voltados aos 100 anos do r\u00e1dio no Brasil. Os encontros aconteceram entre os dias 17 e 21 em diversas cidades do estado de S\u00e3o Paulo.<\/p>\n<p>A programa\u00e7\u00e3o completa pode ser conferida na p\u00e1gina do evento, local onde tamb\u00e9m \u00e9 poss\u00edvel realizar a inscri\u00e7\u00e3o para os interessados em acompanhar a transmiss\u00e3o.<\/p>\n<p><img fetchpriority=\"high\" decoding=\"async\" class=\"wp-image-18494 aligncenter\" src=\"https:\/\/www.sertsc.org.br\/site\/wp-content\/uploads\/2022\/09\/Aniversario-Email-22-4-2-300x200.png\" alt=\"\" width=\"474\" height=\"316\" \/><\/p>\n<p>Fonte: Tudo R\u00e1dio.<\/p>\n","protected":false},"excerpt":{"rendered":"<p>O Senac (Servi\u00e7o Nacional de Aprendizagem Comercial) prossegue nesta semana&hellip;<\/p>\n<p> <a class=\"more-link\" href=\"https:\/\/sertsc.org.br\/site\/senac-prossegue-nesta-semana-com-encontros-voltados-aos-100-anos-do-radio-no-pais\/\">Leia mais<\/a><\/p>\n","protected":false},"author":1,"featured_media":18494,"comment_status":"open","ping_status":"open","sticky":false,"template":"","format":"standard","meta":{"footnotes":""},"categories":[33,3],"tags":[],"class_list":{"0":"post-18602","1":"post","2":"type-post","3":"status-publish","4":"format-standard","5":"has-post-thumbnail","7":"category-destaques","8":"category-noticias"},"_links":{"self":[{"href":"https:\/\/sertsc.org.br\/site\/wp-json\/wp\/v2\/posts\/18602","targetHints":{"allow":["GET"]}}],"collection":[{"href":"https:\/\/sertsc.org.br\/site\/wp-json\/wp\/v2\/posts"}],"about":[{"href":"https:\/\/sertsc.org.br\/site\/wp-json\/wp\/v2\/types\/post"}],"author":[{"embeddable":true,"href":"https:\/\/sertsc.org.br\/site\/wp-json\/wp\/v2\/users\/1"}],"replies":[{"embeddable":true,"href":"https:\/\/sertsc.org.br\/site\/wp-json\/wp\/v2\/comments?post=18602"}],"version-history":[{"count":0,"href":"https:\/\/sertsc.org.br\/site\/wp-json\/wp\/v2\/posts\/18602\/revisions"}],"wp:featuredmedia":[{"embeddable":true,"href":"https:\/\/sertsc.org.br\/site\/wp-json\/"}],"wp:attachment":[{"href":"https:\/\/sertsc.org.br\/site\/wp-json\/wp\/v2\/media?parent=18602"}],"wp:term":[{"taxonomy":"category","embeddable":true,"href":"https:\/\/sertsc.org.br\/site\/wp-json\/wp\/v2\/categories?post=18602"},{"taxonomy":"post_tag","embeddable":true,"href":"https:\/\/sertsc.org.br\/site\/wp-json\/wp\/v2\/tags?post=18602"}],"curies":[{"name":"wp","href":"https:\/\/api.w.org\/{rel}","templated":true}]}}