{"id":18599,"date":"2022-10-26T14:12:48","date_gmt":"2022-10-26T17:12:48","guid":{"rendered":"https:\/\/www.sertsc.org.br\/site\/?p=18599"},"modified":"2022-10-26T14:12:48","modified_gmt":"2022-10-26T17:12:48","slug":"estacoes-fss-tem-7-dias-para-cadastramento-para-protecao-contra-interferencias","status":"publish","type":"post","link":"https:\/\/sertsc.org.br\/site\/estacoes-fss-tem-7-dias-para-cadastramento-para-protecao-contra-interferencias\/","title":{"rendered":"Esta\u00e7\u00f5es FSS t\u00eam 7 dias para cadastramento para prote\u00e7\u00e3o contra interfer\u00eancias"},"content":{"rendered":"<p>A Siga Antenado, empresa ligada \u00e0 Entidade Administradora da Faixa (EAF), associa\u00e7\u00e3o sem fins lucrativos constitu\u00edda pelas operadoras vencedoras do edital do 5G, informa \u00e0s empresas cadastradas e\/ou licenciadas junto \u00e0 Ag\u00eancia Nacional de Telecomunica\u00e7\u00f5es (Anatel) com esta\u00e7\u00e3o terrena do FSS (Fixed Satellite Services) que opera na Banda C que avan\u00e7ar\u00e1 com o processo de mitiga\u00e7\u00e3o de interfer\u00eancias nas esta\u00e7\u00f5es profissionais da sua cidade, que podem ser provocadas quando o sinal do 5G \u00e9 ativado na faixa de 3,5 GHz. A data limite para cadastramento das esta\u00e7\u00f5es \u00e9 dia 1\u00ba de novembro, pr\u00f3xima ter\u00e7a-feira.<\/p>\n<p>A Siga Antenado atua no processo de desocupa\u00e7\u00e3o da frequ\u00eancia de opera\u00e7\u00e3o da Banda C estendida para permitir que as esta\u00e7\u00f5es terrenas continuem tendo direito \u00e0 prote\u00e7\u00e3o contra interfer\u00eancias. Com isso, a faixa de frequ\u00eancias de 3.300 MHz a 3.680 MHz fica dispon\u00edvel para receber o sinal do 5G.<\/p>\n<p>Entretanto, o prazo \u00e9 para os munic\u00edpios inclu\u00eddos no planejamento de atividades de mitiga\u00e7\u00e3o preventivas da Fase 2 e munic\u00edpios de regi\u00f5es metropolitanas das capitais de Estado e do Distrito Federal. Com exce\u00e7\u00e3o para os munic\u00edpios da Fase 1 (capitais de Estado e do Distrito Federal) que j\u00e1 tiveram suas mitiga\u00e7\u00f5es finalizadas.<\/p>\n<p><strong>O que fazer<\/strong><\/p>\n<p>\u00c9 necess\u00e1rio entrar em contato com a central de relacionamento pelo telefone (81) 3419-5904 ou via e-mail, com os dados da esta\u00e7\u00e3o\/empresa para atendimentofss@sigaantenado.com.br. Com as informa\u00e7\u00f5es, a empresa ir\u00e1 avaliar a elegibilidade da esta\u00e7\u00e3o e agendar a instala\u00e7\u00e3o dos equipamentos de mitiga\u00e7\u00e3o.<\/p>\n<p>Estas instala\u00e7\u00f5es ser\u00e3o realizadas por t\u00e9cnicos contratados e capacitados pela Siga Antenado. \u00c9 importante lembrar que aqueles que perderem o prazo de cadastro no banco de dados da Anatel arriscam terem os servi\u00e7os interferidos prejudicialmente com a ativa\u00e7\u00e3o do 5G na faixa de 3,5 GHz. Caso isso ocorra, a esta\u00e7\u00e3o arca com os custos das medidas necess\u00e1rias para a mitiga\u00e7\u00e3o de eventuais interfer\u00eancias.<\/p>\n<p><strong>Processo da Siga Antenado<\/strong><\/p>\n<p>Instala\u00e7\u00e3o gratuita de filtros em cada uma das antenas de esta\u00e7\u00f5es terrenas profissionais que atendem aos crit\u00e9rios estabelecidos pelo GAISPI \u2013 grupo respons\u00e1vel por disciplinar e fiscalizar a aplica\u00e7\u00e3o dos recursos pela EAF \u2013 como forma preventiva de mitiga\u00e7\u00e3o de eventuais interfer\u00eancias.<br \/>\nPara todos os munic\u00edpios, com exce\u00e7\u00e3o das capitais de Estado e do Distrito Federal, s\u00e3o eleg\u00edveis todas as esta\u00e7\u00f5es terrenas devidamente licenciadas ou cadastradas na Anatel at\u00e9 11 de outubro de 2022 (data de corte) e que operem na faixa de 3.700 MHz a 4.200 MHz.<\/p>\n<p>Caber\u00e1 \u00e0 Siga Antenado (EAF) definir a elegibilidade e a solu\u00e7\u00e3o a ser adotada a partir das informa\u00e7\u00f5es existentes na base de dados da Anatel na data de corte. A esta\u00e7\u00e3o terrena n\u00e3o ser\u00e1 eleg\u00edvel quando for constatada sua inatividade durante a instala\u00e7\u00e3o da solu\u00e7\u00e3o de mitiga\u00e7\u00e3o, ou por levantamento pr\u00e9vio realizado pela EAF. N\u00e3o s\u00e3o eleg\u00edveis as esta\u00e7\u00f5es terrenas que j\u00e1 possuam a filtragem adequada prevista na regulamenta\u00e7\u00e3o ou cujos respons\u00e1veis n\u00e3o anuam com as condi\u00e7\u00f5es de instala\u00e7\u00e3o apresentadas.<br \/>\nEm rela\u00e7\u00e3o as esta\u00e7\u00f5es apuradas na data de corte, ser\u00e3o admitidos ajustes adicionais na quantidade de esta\u00e7\u00f5es observando-se as seguintes condi\u00e7\u00f5es:<\/p>\n<p>I \u2013 No caso de entidades que j\u00e1 possuam 30 (trinta) ou mais esta\u00e7\u00f5es licenciadas, ou cadastradas, ser\u00e1 admitido um acr\u00e9scimo de at\u00e9 10% (dez por cento), arredondando-se para o maior n\u00famero inteiro, limitado a 30 (trinta) esta\u00e7\u00f5es por entidade.<\/p>\n<p>II \u2013 No caso de entidades que possuam menos de 30 (trinta) esta\u00e7\u00f5es licenciadas ou cadastradas, ser\u00e1 admitido um acr\u00e9scimo de at\u00e9 3 (tr\u00eas) esta\u00e7\u00f5es por entidade.<\/p>\n<p>III \u2013 Para entidades que n\u00e3o possuam esta\u00e7\u00f5es licenciadas, ser\u00e1 admitido um acr\u00e9scimo de at\u00e9 3 (tr\u00eas) esta\u00e7\u00f5es por entidade.<\/p>\n<p>Fonte: Abratel.<\/p>\n","protected":false},"excerpt":{"rendered":"<p>A Siga Antenado, empresa ligada \u00e0 Entidade Administradora da Faixa&hellip;<\/p>\n<p> <a class=\"more-link\" href=\"https:\/\/sertsc.org.br\/site\/estacoes-fss-tem-7-dias-para-cadastramento-para-protecao-contra-interferencias\/\">Leia mais<\/a><\/p>\n","protected":false},"author":1,"featured_media":18600,"comment_status":"open","ping_status":"open","sticky":false,"template":"","format":"standard","meta":{"footnotes":""},"categories":[33,3],"tags":[],"class_list":{"0":"post-18599","1":"post","2":"type-post","3":"status-publish","4":"format-standard","5":"has-post-thumbnail","7":"category-destaques","8":"category-noticias"},"_links":{"self":[{"href":"https:\/\/sertsc.org.br\/site\/wp-json\/wp\/v2\/posts\/18599","targetHints":{"allow":["GET"]}}],"collection":[{"href":"https:\/\/sertsc.org.br\/site\/wp-json\/wp\/v2\/posts"}],"about":[{"href":"https:\/\/sertsc.org.br\/site\/wp-json\/wp\/v2\/types\/post"}],"author":[{"embeddable":true,"href":"https:\/\/sertsc.org.br\/site\/wp-json\/wp\/v2\/users\/1"}],"replies":[{"embeddable":true,"href":"https:\/\/sertsc.org.br\/site\/wp-json\/wp\/v2\/comments?post=18599"}],"version-history":[{"count":0,"href":"https:\/\/sertsc.org.br\/site\/wp-json\/wp\/v2\/posts\/18599\/revisions"}],"wp:featuredmedia":[{"embeddable":true,"href":"https:\/\/sertsc.org.br\/site\/wp-json\/"}],"wp:attachment":[{"href":"https:\/\/sertsc.org.br\/site\/wp-json\/wp\/v2\/media?parent=18599"}],"wp:term":[{"taxonomy":"category","embeddable":true,"href":"https:\/\/sertsc.org.br\/site\/wp-json\/wp\/v2\/categories?post=18599"},{"taxonomy":"post_tag","embeddable":true,"href":"https:\/\/sertsc.org.br\/site\/wp-json\/wp\/v2\/tags?post=18599"}],"curies":[{"name":"wp","href":"https:\/\/api.w.org\/{rel}","templated":true}]}}