{"id":18596,"date":"2022-10-26T09:38:36","date_gmt":"2022-10-26T12:38:36","guid":{"rendered":"https:\/\/www.sertsc.org.br\/site\/?p=18596"},"modified":"2022-10-26T09:38:36","modified_gmt":"2022-10-26T12:38:36","slug":"acaert-inaugura-nova-sede-da-entidade-em-florianopolis","status":"publish","type":"post","link":"https:\/\/sertsc.org.br\/site\/acaert-inaugura-nova-sede-da-entidade-em-florianopolis\/","title":{"rendered":"ACAERT inaugura nova sede da entidade em Florian\u00f3polis"},"content":{"rendered":"<p>Novas instala\u00e7\u00f5es atender\u00e3o \u00e0s demandas dos associados e da equipe de colaboradores<\/p>\n<p>A ACAERT inaugurou nesta ter\u00e7a-feira (25), a nova sede da entidade no bairro de Coqueiros, \u00e1rea continental de Florian\u00f3polis. A inaugura\u00e7\u00e3o concretiza um antigo sonho de dirigentes e associados: a compra de uma nova sede que comportasse toda a estrutura no mesmo ambiente f\u00edsico, com instala\u00e7\u00f5es modernas e eficientes.<\/p>\n<p>A inaugura\u00e7\u00e3o contou com as presen\u00e7as do secret\u00e1rio de Comunica\u00e7\u00e3o, Jo\u00e3o Cavallazzi, que representou o governador Carlos Mois\u00e9s, do ex-secret\u00e1rio de Administra\u00e7\u00e3o, Jorge Tasca, dirigentes das \u00e1reas de comunica\u00e7\u00e3o da Alesc, Celesc, Tribunal de Justi\u00e7a, Minist\u00e9rio P\u00fablico de Santa Catarina, Tribunal de Contas do Estado \u2013 TCE\/SC, ex-presidentes e associados da entidade.<\/p>\n<p>\u201cA entidade cresceu de tamanho e a nossa outra sede j\u00e1 n\u00e3o comportava mais o n\u00famero de colaboradores e nem atendia \u00e0s demandas dos associados\u201d, explicou o presidente da ACAERT, Silvano Silva. \u201c\u00c9 um sonho de muitos presidentes que estamos realizando. Temos agora uma sede moderna e funcional, para que possamos continuar prestando os nossos servi\u00e7os com mais qualidade e receber o radiodifusor, autoridades e convidados&#8221;.<\/p>\n<p>A antiga sede da ACAERT funcionava em seis salas (4 pr\u00f3prias e 2 alugadas) em andares diferentes do edif\u00edcio Sudameris, no centro de Florian\u00f3polis. Agora, a entidade atravessou a ponte e j\u00e1 est\u00e1 funcionando no edif\u00edcio Max Tower, em Coqueiros. Ao todo s\u00e3o 630 metros quadrados, entre salas, est\u00fadio de grava\u00e7\u00e3o, reda\u00e7\u00e3o, amplo espa\u00e7o para \u00e1rea comercial e refeit\u00f3rio.<\/p>\n<p>Crescimento \u2013 A ACAERT estava na sede do centro desde o in\u00edcio da d\u00e9cada de 90. Hoje a entidade conta com 45 funcion\u00e1rios em diferentes \u00e1reas, como administrativo\/financeiro, comercial, opec, checking e jornalismo. Um dos investimentos na nova sede foi a implanta\u00e7\u00e3o de um moderno est\u00fadio de grava\u00e7\u00e3o da Rede de Not\u00edcias ACAERT \u2013 RNA.<\/p>\n<p style=\"text-align: center;\"><img fetchpriority=\"high\" decoding=\"async\" class=\"wp-image-18597 aligncenter\" src=\"https:\/\/www.sertsc.org.br\/site\/wp-content\/uploads\/2022\/10\/6358736643f1b-300x200.jpg\" alt=\"\" width=\"524\" height=\"349\" \/>Reprodu\u00e7\u00e3o\/Acaert<\/p>\n<p>&nbsp;<\/p>\n<p>Fonte: ACAERT<\/p>\n<div class=\"vc_row_inner tdi_87  vc_row vc_inner wpb_row td-pb-row\">\n<div class=\"vc_column_inner tdi_89  wpb_column vc_column_container tdc-inner-column td-pb-span4 td-is-sticky\">\n<div class=\"vc_column-inner\">\n<div class=\"wpb_wrapper\">\n<div class=\"clearfix\"><\/div>\n<div class=\"td_block_wrap td_block_title tdi_90 td-pb-border-top td_block_template_2 td-fix-index\" data-td-block-uid=\"tdi_90\">\n<div class=\"td-block-title-wrap\"><\/div>\n<\/div>\n<\/div>\n<\/div>\n<\/div>\n<\/div>\n","protected":false},"excerpt":{"rendered":"<p>Novas instala\u00e7\u00f5es atender\u00e3o \u00e0s demandas dos associados e da equipe&hellip;<\/p>\n<p> <a class=\"more-link\" href=\"https:\/\/sertsc.org.br\/site\/acaert-inaugura-nova-sede-da-entidade-em-florianopolis\/\">Leia mais<\/a><\/p>\n","protected":false},"author":1,"featured_media":18597,"comment_status":"open","ping_status":"open","sticky":false,"template":"","format":"standard","meta":{"footnotes":""},"categories":[33,3],"tags":[],"class_list":{"0":"post-18596","1":"post","2":"type-post","3":"status-publish","4":"format-standard","5":"has-post-thumbnail","7":"category-destaques","8":"category-noticias"},"_links":{"self":[{"href":"https:\/\/sertsc.org.br\/site\/wp-json\/wp\/v2\/posts\/18596","targetHints":{"allow":["GET"]}}],"collection":[{"href":"https:\/\/sertsc.org.br\/site\/wp-json\/wp\/v2\/posts"}],"about":[{"href":"https:\/\/sertsc.org.br\/site\/wp-json\/wp\/v2\/types\/post"}],"author":[{"embeddable":true,"href":"https:\/\/sertsc.org.br\/site\/wp-json\/wp\/v2\/users\/1"}],"replies":[{"embeddable":true,"href":"https:\/\/sertsc.org.br\/site\/wp-json\/wp\/v2\/comments?post=18596"}],"version-history":[{"count":0,"href":"https:\/\/sertsc.org.br\/site\/wp-json\/wp\/v2\/posts\/18596\/revisions"}],"wp:featuredmedia":[{"embeddable":true,"href":"https:\/\/sertsc.org.br\/site\/wp-json\/"}],"wp:attachment":[{"href":"https:\/\/sertsc.org.br\/site\/wp-json\/wp\/v2\/media?parent=18596"}],"wp:term":[{"taxonomy":"category","embeddable":true,"href":"https:\/\/sertsc.org.br\/site\/wp-json\/wp\/v2\/categories?post=18596"},{"taxonomy":"post_tag","embeddable":true,"href":"https:\/\/sertsc.org.br\/site\/wp-json\/wp\/v2\/tags?post=18596"}],"curies":[{"name":"wp","href":"https:\/\/api.w.org\/{rel}","templated":true}]}}