{"id":18589,"date":"2022-10-24T15:47:26","date_gmt":"2022-10-24T18:47:26","guid":{"rendered":"https:\/\/www.sertsc.org.br\/site\/?p=18589"},"modified":"2022-10-24T15:47:26","modified_gmt":"2022-10-24T18:47:26","slug":"radios-veiculam-ultima-propaganda-eleitoral-gratuita-do-segundo-turno-das-eleicoes-no-brasil-na-sexta-feira-28","status":"publish","type":"post","link":"https:\/\/sertsc.org.br\/site\/radios-veiculam-ultima-propaganda-eleitoral-gratuita-do-segundo-turno-das-eleicoes-no-brasil-na-sexta-feira-28\/","title":{"rendered":"R\u00e1dios veiculam \u00faltima propaganda eleitoral gratuita do segundo turno das elei\u00e7\u00f5es no Brasil na sexta-feira (28)"},"content":{"rendered":"<p>O per\u00edodo de veicula\u00e7\u00e3o da propaganda eleitoral gratuita e obrigat\u00f3ria do segundo turno das elei\u00e7\u00f5es 2022 termina nesta sexta-feira (28). A data tamb\u00e9m marca o fim do per\u00edodo para com\u00edcios, reuni\u00f5es p\u00fablicas com intuito pol\u00edtico e uso de aparelhagem sonora fixa.<\/p>\n<p>O calend\u00e1rio eleitoral tamb\u00e9m aponta que o \u00faltimo dia para an\u00fancios de candidaturas e propaganda eleitoral em m\u00eddia impressa e digital ser\u00e1 nesta sexta-feira. No s\u00e1bado, \u00e0s 22h, termina o prazo para a utiliza\u00e7\u00e3o de carros de som e alto-falantes para divulga\u00e7\u00e3o pol\u00edtica e partid\u00e1ria, al\u00e9m de distribui\u00e7\u00e3o de material gr\u00e1fico, caminhada, carreata ou passeata.<\/p>\n<p>A interrup\u00e7\u00e3o da veicula\u00e7\u00e3o das inser\u00e7\u00f5es com campanhas dos candidatos faltando 48 horas para o pleito \u2013 que ocorre neste domingo (30) \u2013 \u00e9 prevista pela Justi\u00e7a Eleitoral. Nos 12 estados em que a disputa para governador ser\u00e1 definida no segundo turno, os candidatos est\u00e3o veiculando propaganda de 7h10 \u00e0s 7h20 e das 12h10 \u00e0s 12h20 no r\u00e1dio.<\/p>\n<p>No segundo turno, o tempo de propaganda \u00e9 dividido igualmente entre os candidatos. Os candidatos tamb\u00e9m t\u00eam 25 minutos de inser\u00e7\u00f5es por cargo, para veicular pe\u00e7as de 30 segundos a 60 segundos ao longo da programa\u00e7\u00e3o.<\/p>\n<p>Fonte: Tudo R\u00e1dio.<\/p>\n<p><img fetchpriority=\"high\" decoding=\"async\" class=\"wp-image-18591 aligncenter\" src=\"https:\/\/www.sertsc.org.br\/site\/wp-content\/uploads\/2022\/10\/Aniversario-Email-22-12-300x200.png\" alt=\"\" width=\"515\" height=\"343\" \/><\/p>\n","protected":false},"excerpt":{"rendered":"<p>O per\u00edodo de veicula\u00e7\u00e3o da propaganda eleitoral gratuita e obrigat\u00f3ria&hellip;<\/p>\n<p> <a class=\"more-link\" href=\"https:\/\/sertsc.org.br\/site\/radios-veiculam-ultima-propaganda-eleitoral-gratuita-do-segundo-turno-das-eleicoes-no-brasil-na-sexta-feira-28\/\">Leia mais<\/a><\/p>\n","protected":false},"author":1,"featured_media":18591,"comment_status":"open","ping_status":"open","sticky":false,"template":"","format":"standard","meta":{"footnotes":""},"categories":[33,3],"tags":[],"class_list":{"0":"post-18589","1":"post","2":"type-post","3":"status-publish","4":"format-standard","5":"has-post-thumbnail","7":"category-destaques","8":"category-noticias"},"_links":{"self":[{"href":"https:\/\/sertsc.org.br\/site\/wp-json\/wp\/v2\/posts\/18589","targetHints":{"allow":["GET"]}}],"collection":[{"href":"https:\/\/sertsc.org.br\/site\/wp-json\/wp\/v2\/posts"}],"about":[{"href":"https:\/\/sertsc.org.br\/site\/wp-json\/wp\/v2\/types\/post"}],"author":[{"embeddable":true,"href":"https:\/\/sertsc.org.br\/site\/wp-json\/wp\/v2\/users\/1"}],"replies":[{"embeddable":true,"href":"https:\/\/sertsc.org.br\/site\/wp-json\/wp\/v2\/comments?post=18589"}],"version-history":[{"count":0,"href":"https:\/\/sertsc.org.br\/site\/wp-json\/wp\/v2\/posts\/18589\/revisions"}],"wp:featuredmedia":[{"embeddable":true,"href":"https:\/\/sertsc.org.br\/site\/wp-json\/"}],"wp:attachment":[{"href":"https:\/\/sertsc.org.br\/site\/wp-json\/wp\/v2\/media?parent=18589"}],"wp:term":[{"taxonomy":"category","embeddable":true,"href":"https:\/\/sertsc.org.br\/site\/wp-json\/wp\/v2\/categories?post=18589"},{"taxonomy":"post_tag","embeddable":true,"href":"https:\/\/sertsc.org.br\/site\/wp-json\/wp\/v2\/tags?post=18589"}],"curies":[{"name":"wp","href":"https:\/\/api.w.org\/{rel}","templated":true}]}}