{"id":18578,"date":"2022-10-20T08:23:03","date_gmt":"2022-10-20T11:23:03","guid":{"rendered":"https:\/\/www.sertsc.org.br\/site\/?p=18578"},"modified":"2022-10-20T08:23:03","modified_gmt":"2022-10-20T11:23:03","slug":"nota-de-repudio-6","status":"publish","type":"post","link":"https:\/\/sertsc.org.br\/site\/nota-de-repudio-6\/","title":{"rendered":"Nota de Rep\u00fadio"},"content":{"rendered":"<p>O Sindicato das Empresas de R\u00e1dio e Televis\u00e3o de SC assevera grande preocupa\u00e7\u00e3o com a crescente cole\u00e7\u00e3o de decis\u00f5es judiciais que interferem diretamente na programa\u00e7\u00e3o das emissoras, com a imposi\u00e7\u00e3o de limites e restri\u00e7\u00f5es \u00e0 livre circula\u00e7\u00e3o de conte\u00fados jornal\u00edsticos, opini\u00f5es e ideias.<\/p>\n<p>O cerceamento estabelecido pela legisla\u00e7\u00e3o eleitoral n\u00e3o pode ser instrumento para relativiza\u00e7\u00e3o da liberdade de express\u00e3o da imprensa, princ\u00edpio decisivo da democracia e do estado de Direito que rege o pa\u00eds.<\/p>\n<p>O SERT\/SC destaca que a liberdade de imprensa \u00e9 uma valida\u00e7\u00e3o para o exerc\u00edcio do jornalismo e do direito do cidad\u00e3o \u00e0 informa\u00e7\u00e3o e frente a isso renova sua confian\u00e7a na Justi\u00e7a Eleitoral.<\/p>\n<p>Humberto Ohf de Andrade<br \/>\nPresidente SERT\/SC<\/p>\n","protected":false},"excerpt":{"rendered":"<p>O Sindicato das Empresas de R\u00e1dio e Televis\u00e3o de SC&hellip;<\/p>\n<p> <a class=\"more-link\" href=\"https:\/\/sertsc.org.br\/site\/nota-de-repudio-6\/\">Leia mais<\/a><\/p>\n","protected":false},"author":1,"featured_media":18583,"comment_status":"open","ping_status":"open","sticky":false,"template":"","format":"standard","meta":{"footnotes":""},"categories":[33,3],"tags":[],"class_list":{"0":"post-18578","1":"post","2":"type-post","3":"status-publish","4":"format-standard","5":"has-post-thumbnail","7":"category-destaques","8":"category-noticias"},"_links":{"self":[{"href":"https:\/\/sertsc.org.br\/site\/wp-json\/wp\/v2\/posts\/18578","targetHints":{"allow":["GET"]}}],"collection":[{"href":"https:\/\/sertsc.org.br\/site\/wp-json\/wp\/v2\/posts"}],"about":[{"href":"https:\/\/sertsc.org.br\/site\/wp-json\/wp\/v2\/types\/post"}],"author":[{"embeddable":true,"href":"https:\/\/sertsc.org.br\/site\/wp-json\/wp\/v2\/users\/1"}],"replies":[{"embeddable":true,"href":"https:\/\/sertsc.org.br\/site\/wp-json\/wp\/v2\/comments?post=18578"}],"version-history":[{"count":0,"href":"https:\/\/sertsc.org.br\/site\/wp-json\/wp\/v2\/posts\/18578\/revisions"}],"wp:featuredmedia":[{"embeddable":true,"href":"https:\/\/sertsc.org.br\/site\/wp-json\/"}],"wp:attachment":[{"href":"https:\/\/sertsc.org.br\/site\/wp-json\/wp\/v2\/media?parent=18578"}],"wp:term":[{"taxonomy":"category","embeddable":true,"href":"https:\/\/sertsc.org.br\/site\/wp-json\/wp\/v2\/categories?post=18578"},{"taxonomy":"post_tag","embeddable":true,"href":"https:\/\/sertsc.org.br\/site\/wp-json\/wp\/v2\/tags?post=18578"}],"curies":[{"name":"wp","href":"https:\/\/api.w.org\/{rel}","templated":true}]}}