{"id":18575,"date":"2022-10-19T13:53:40","date_gmt":"2022-10-19T16:53:40","guid":{"rendered":"https:\/\/www.sertsc.org.br\/site\/?p=18575"},"modified":"2022-10-19T13:53:40","modified_gmt":"2022-10-19T16:53:40","slug":"tendencias-humor-e-jornalismo-abert-confirma-paineis-do-29o-congresso-tudoradio-com-acompanha","status":"publish","type":"post","link":"https:\/\/sertsc.org.br\/site\/tendencias-humor-e-jornalismo-abert-confirma-paineis-do-29o-congresso-tudoradio-com-acompanha\/","title":{"rendered":"Tend\u00eancias, humor e jornalismo: ABERT confirma pain\u00e9is do 29\u00ba Congresso. Tudoradio.com acompanha"},"content":{"rendered":"<p>Atualizado &#8211; A Associa\u00e7\u00e3o Brasileira de Emissoras de R\u00e1dio e Televis\u00e3o (ABERT) iniciou a divulga\u00e7\u00e3o de parte da programa\u00e7\u00e3o que ser\u00e1 realizada no 29\u00ba Congresso Brasileiro de Radiodifus\u00e3o, este que ser\u00e1 realizado nos dias 16 e 17 de novembro, em Bras\u00edlia (DF). Nomes como Melissa Vogel (Kantar IBOPE Media), Raymundo Barros (Globo), Milton Jung (CBN), Marcus Majella (Globo), Milton Neves (Band), Tatola Godas (Band\/89 FM A R\u00e1dio Rock) e Rodolfo Schneider (Band) s\u00e3o alguns dos nomes confirmados como debatedores nos pain\u00e9is j\u00e1 divulgados pela associa\u00e7\u00e3o. Temas como tend\u00eancias tecnol\u00f3gicas, humor no r\u00e1dio e na TV e o jornalismo profissional estar\u00e3o em discuss\u00e3o. E o portal tudoradio.com ir\u00e1 acompanhar a programa\u00e7\u00e3o de forma presencial.<\/p>\n<p>No dia 17, a partir das 11h15, o 29\u00ba Congresso Brasileiro de Radiodifus\u00e3o levar\u00e1 ao palco o painel comemorativo &#8220;100 anos do r\u00e1dio: Contando e encantando o Brasil&#8221;, grade esta que foi divulgada na manh\u00e3 desta quarta-feira (19). Milton Neves (Grupo Bandeirantes), Roberto Ara\u00fajo (CEO do Grupo Jovem Pan) e Milton Jung (Rede CBN) ser\u00e3o os debatedores, tendo Diogo Gon\u00e7alves (presidente executivo da R\u00e1dio Itatiaia) como mediador.<\/p>\n<p>\u00c0s 14h00, o congresso ter\u00e1 o painel \u201cO jornalismo profissional a bem da verdade&#8221;, com os debatedores Ricardo Villela (diretor executivo de jornalismo do Grupo Globo), Rodolfo Schneider (diretor executivo de jornalismo do Grupo Bandeirantes) e Jos\u00e9 Occhiuso (diretor nacional de jornalismo do SBT). A modera\u00e7\u00e3o do painel ficar\u00e1 com Paulo Tonet Camargo (Grupo Globo, ex-presidente da ABERT).<\/p>\n<p>Logo ap\u00f3s, \u00e0s 15h00, a programa\u00e7\u00e3o do 29\u00ba Congresso Brasileiro de Radiodifus\u00e3o levar\u00e1 ao palco o painel &#8220;A transforma\u00e7\u00e3o tecnol\u00f3gica e as mudan\u00e7as de h\u00e1bitos na ind\u00fastria de m\u00eddia&#8221;, com os debatedores Melissa Vogel (Kantar IBOPE Media), Raymundo Barros (Grupo Globo) e Fabricio Proti (Pluto TV), tendo a modera\u00e7\u00e3o de Roberto Franco (SBT).<\/p>\n<p>Na sequ\u00eancia, \u00e0s 16h30, o congresso ser\u00e1 encerrado com o painel \u201cR\u00e1dio e TV: Humor nosso de cada dia&#8221;, que ter\u00e1 Marcus Majella (Grupo Globo), Marlei Cevada (SBT) e Tatola Godas (Band \/ 89 FM A R\u00e1dio Rock) como debatedores, tendo a media\u00e7\u00e3o da jornalista Carla Bigatto (Grupo Bandeirantes \/ Rede BandNews FM).<\/p>\n<p>Aos poucos a comunica\u00e7\u00e3o da ABERT est\u00e1 divulgando os pain\u00e9is e atra\u00e7\u00f5es que estar\u00e3o na programa\u00e7\u00e3o do 29\u00ba Congresso Brasileiro de Radiodifus\u00e3o, este que est\u00e1 marcado para os dias 16 e 17 de novembro, no Royal Tulip Alvorada, em Bras\u00edlia.<\/p>\n<p>No primeiro dia da programa\u00e7\u00e3o (16), o congresso contar\u00e1 com uma cerim\u00f4nia de abertura, marcada para \u00e0s 19h00. Na sequ\u00eancia, \u00e0s 21h00, ser\u00e1 realizado um coquetel festivo, que ter\u00e1 a presen\u00e7a do ator e cantor brasileiro de pagode Mumuzinho.<\/p>\n<p>J\u00e1 a programa\u00e7\u00e3o do dia 17, que ser\u00e1 preenchida por palestras e debates, ser\u00e1 iniciada a partir das 09h00.<\/p>\n<p>Caravanas estaduais<\/p>\n<p>As associa\u00e7\u00f5es de radiodifus\u00e3o estaduais est\u00e3o organizando caravanas para os interessados em participar do 29\u00ba Congresso Brasileiro de Radiodifus\u00e3o. Ser\u00e3o concedidos 20% de desconto na hora da inscri\u00e7\u00e3o para grupos de 10 pessoas ou mais. Entidades como AESP, ASSERPE, AERP, ASSERP, AMIRT, AGERT, ACAERT, entre outras, j\u00e1 anunciaram a possibilidade de organiza\u00e7\u00e3o de caravanas, com base nesse desconto que ser\u00e1 concedido pela ABERT.<\/p>\n<p>Tamb\u00e9m existe a possibilidade de descontos nas di\u00e1rias de estadia em Plaza Bras\u00edlia Hot\u00e9is, Golden Tulip e HPlus Hotelaria.<\/p>\n<p>O congresso<\/p>\n<p>Marcado para os dias 16 e 17 de novembro, o 29\u00ba Congresso Brasileiro de Radiodifus\u00e3o celebrar\u00e1 os 60 anos da ABERT e tamb\u00e9m o centen\u00e1rio da radiodifus\u00e3o brasileira. A programa\u00e7\u00e3o que ser\u00e1 realizada em Bras\u00edlia reunir\u00e1 empres\u00e1rios, profissionais de r\u00e1dio e TV e renomados comunicadores para discutir temas como liberdade de express\u00e3o, gest\u00e3o empresarial, inova\u00e7\u00e3o, publicidade, competitividade e converg\u00eancia tecnol\u00f3gica.<\/p>\n<p>A programa\u00e7\u00e3o contar\u00e1, tamb\u00e9m, com a Mostra R\u00e1dio em Movimento, em comemora\u00e7\u00e3o aos 100 anos do r\u00e1dio no Brasil e da Semana de Arte Moderna. Segundo a associa\u00e7\u00e3o, artistas pl\u00e1sticos de todo o pa\u00eds apresentar\u00e3o os trabalhos realizados nos r\u00e1dios modelo \u201ccapelinha\u201d distribu\u00eddos pela ABERT.<\/p>\n<p>As inscri\u00e7\u00f5es podem ser feitas pelo link congressoabert.org.br<\/p>\n<p><img fetchpriority=\"high\" decoding=\"async\" class=\"wp-image-18576 aligncenter\" src=\"https:\/\/www.sertsc.org.br\/site\/wp-content\/uploads\/2022\/10\/Aniversario-Email-22-3-2-300x200.png\" alt=\"\" width=\"491\" height=\"327\" \/><\/p>\n<p>Fonte: Tudo R\u00e1dio.<\/p>\n","protected":false},"excerpt":{"rendered":"<p>Atualizado &#8211; A Associa\u00e7\u00e3o Brasileira de Emissoras de R\u00e1dio e&hellip;<\/p>\n<p> <a class=\"more-link\" href=\"https:\/\/sertsc.org.br\/site\/tendencias-humor-e-jornalismo-abert-confirma-paineis-do-29o-congresso-tudoradio-com-acompanha\/\">Leia mais<\/a><\/p>\n","protected":false},"author":1,"featured_media":18576,"comment_status":"open","ping_status":"open","sticky":false,"template":"","format":"standard","meta":{"footnotes":""},"categories":[33,3],"tags":[],"class_list":{"0":"post-18575","1":"post","2":"type-post","3":"status-publish","4":"format-standard","5":"has-post-thumbnail","7":"category-destaques","8":"category-noticias"},"_links":{"self":[{"href":"https:\/\/sertsc.org.br\/site\/wp-json\/wp\/v2\/posts\/18575","targetHints":{"allow":["GET"]}}],"collection":[{"href":"https:\/\/sertsc.org.br\/site\/wp-json\/wp\/v2\/posts"}],"about":[{"href":"https:\/\/sertsc.org.br\/site\/wp-json\/wp\/v2\/types\/post"}],"author":[{"embeddable":true,"href":"https:\/\/sertsc.org.br\/site\/wp-json\/wp\/v2\/users\/1"}],"replies":[{"embeddable":true,"href":"https:\/\/sertsc.org.br\/site\/wp-json\/wp\/v2\/comments?post=18575"}],"version-history":[{"count":0,"href":"https:\/\/sertsc.org.br\/site\/wp-json\/wp\/v2\/posts\/18575\/revisions"}],"wp:featuredmedia":[{"embeddable":true,"href":"https:\/\/sertsc.org.br\/site\/wp-json\/"}],"wp:attachment":[{"href":"https:\/\/sertsc.org.br\/site\/wp-json\/wp\/v2\/media?parent=18575"}],"wp:term":[{"taxonomy":"category","embeddable":true,"href":"https:\/\/sertsc.org.br\/site\/wp-json\/wp\/v2\/categories?post=18575"},{"taxonomy":"post_tag","embeddable":true,"href":"https:\/\/sertsc.org.br\/site\/wp-json\/wp\/v2\/tags?post=18575"}],"curies":[{"name":"wp","href":"https:\/\/api.w.org\/{rel}","templated":true}]}}