{"id":18565,"date":"2022-10-17T10:07:40","date_gmt":"2022-10-17T13:07:40","guid":{"rendered":"https:\/\/www.sertsc.org.br\/site\/?p=18565"},"modified":"2022-10-17T10:07:40","modified_gmt":"2022-10-17T13:07:40","slug":"senac-traz-ao-longo-deste-semana-diversos-encontros-voltados-aos-100-anos-do-radio-no-pais","status":"publish","type":"post","link":"https:\/\/sertsc.org.br\/site\/senac-traz-ao-longo-deste-semana-diversos-encontros-voltados-aos-100-anos-do-radio-no-pais\/","title":{"rendered":"Senac traz ao longo deste semana diversos encontros voltados aos 100 anos do r\u00e1dio no pa\u00eds"},"content":{"rendered":"<p>O Senac (Servi\u00e7o Nacional de Aprendizagem Comercial) segue nesta semana com a s\u00e9rie de eventos especiais voltados aos 100 anos do r\u00e1dio no Brasil. Ao longo desta semana ser\u00e3o realizados diversos encontros, os quais ir\u00e3o debater diversos assuntos de interesse ao radiodifusor, bem como daqueles que apreciam o ve\u00edculo de comunica\u00e7\u00e3o. Os eventos acontecem em diversas unidades do Senac no estado de S\u00e3o Paulo e poder\u00e3o ser assistidos tanto de forma presencial, quanto online.<\/p>\n<p>O Senac deu in\u00edcio no dia 22 do m\u00eas passado a uma s\u00e9rie de eventos relacionados aos 100 anos do r\u00e1dio no Brasil. A semana abre com um encontro no Senac de S\u00e3o Bernardo do Campo, evento que ocorre nesta segunda-feira (17) entre 20h e 21h30 e que ter\u00e1 como tema &#8220;Di\u00e1logos: o que o r\u00e1dio pode aprender com o podcast?&#8221; E o que o podcast deve aprender com o r\u00e1dio?. Na ocasi\u00e3o os palestrantes ser\u00e3o Djefferson Barbosa e Rodrigo Campos, com media\u00e7\u00e3o de Marcelo Nascimento e Eduardo Moraes. Na mesma unidade ocorre um workshop entre 19h e 20h e que traz como centro do debate o tema &#8220;Oficina \u2013 Revivendo a Era das Radionovelas&#8221;.<\/p>\n<p>J\u00e1 na ter\u00e7a-feira (18), das 10h \u00e0s 11h, haver\u00e1 uma transmiss\u00e3o de um programa de r\u00e1dio para os espa\u00e7os da unidade, direto do laborat\u00f3rio de r\u00e1dio com a participa\u00e7\u00e3o dos alunos no sagu\u00e3o da unidade de S\u00e3o Carlos durante o intervalo. No mesmo dia, entre 19h e 20h30, ocorre, em Piracicaba, um encontro que ir\u00e1 fomentar com rela\u00e7\u00e3o ao tema &#8220;Encontro: Revivendo as turmas de r\u00e1dio!&#8221;. Para encerrar as atividades de ter\u00e7a-feira, \u00e9 a vez do Senac de Jundia\u00ed abordar sobre &#8220;O r\u00e1dio n\u00e3o morreu, nem o locutor!&#8221;. O workshop acontece entre 19h30 e 20h30.<\/p>\n<p>As atividades com a s\u00e9rie de eventos especiais voltados aos 100 anos do r\u00e1dio no Brasil prosseguem na pr\u00f3xima quarta-feira (19), data em que ocorrem mais dois encontros, sendo o primeiro em S\u00e3o Bernardo do Campo e o segundo em S\u00e3o Carlos. No primeiro haver\u00e1 palestra sobre os 100 anos do r\u00e1dio. J\u00e1 no segundo acontece um encontro com ouvintes e locutores.<\/p>\n<p>J\u00e1 de quarta \u00e0 sexta-feira as reuni\u00f5es ser\u00e3o realizadas em unidades de S\u00e3o Paulo, S\u00e3o Carlos e S\u00e3o Bernardo do Campo. Entre os assuntos trabalhados est\u00e1 uma exposi\u00e7\u00e3o comemorativa sobre a hist\u00f3ria do r\u00e1dio, o futuro do r\u00e1dio nos pr\u00f3ximos 100 anos, r\u00e1dio teatro, entre outros. A programa\u00e7\u00e3o completa pode ser conferida na p\u00e1gina do evento, local onde tamb\u00e9m \u00e9 poss\u00edvel realizar a inscri\u00e7\u00e3o para os interessados em acompanhar a transmiss\u00e3o.<\/p>\n<p><img fetchpriority=\"high\" decoding=\"async\" class=\"wp-image-18567 aligncenter\" src=\"https:\/\/www.sertsc.org.br\/site\/wp-content\/uploads\/2022\/10\/Aniversario-Email-22-10-300x200.png\" alt=\"\" width=\"489\" height=\"326\" \/><\/p>\n<p>Fonte: Tudo R\u00e1dio.<\/p>\n","protected":false},"excerpt":{"rendered":"<p>O Senac (Servi\u00e7o Nacional de Aprendizagem Comercial) segue nesta semana&hellip;<\/p>\n<p> <a class=\"more-link\" href=\"https:\/\/sertsc.org.br\/site\/senac-traz-ao-longo-deste-semana-diversos-encontros-voltados-aos-100-anos-do-radio-no-pais\/\">Leia mais<\/a><\/p>\n","protected":false},"author":1,"featured_media":18566,"comment_status":"open","ping_status":"open","sticky":false,"template":"","format":"standard","meta":{"footnotes":""},"categories":[33,3],"tags":[],"class_list":{"0":"post-18565","1":"post","2":"type-post","3":"status-publish","4":"format-standard","5":"has-post-thumbnail","7":"category-destaques","8":"category-noticias"},"_links":{"self":[{"href":"https:\/\/sertsc.org.br\/site\/wp-json\/wp\/v2\/posts\/18565","targetHints":{"allow":["GET"]}}],"collection":[{"href":"https:\/\/sertsc.org.br\/site\/wp-json\/wp\/v2\/posts"}],"about":[{"href":"https:\/\/sertsc.org.br\/site\/wp-json\/wp\/v2\/types\/post"}],"author":[{"embeddable":true,"href":"https:\/\/sertsc.org.br\/site\/wp-json\/wp\/v2\/users\/1"}],"replies":[{"embeddable":true,"href":"https:\/\/sertsc.org.br\/site\/wp-json\/wp\/v2\/comments?post=18565"}],"version-history":[{"count":0,"href":"https:\/\/sertsc.org.br\/site\/wp-json\/wp\/v2\/posts\/18565\/revisions"}],"wp:featuredmedia":[{"embeddable":true,"href":"https:\/\/sertsc.org.br\/site\/wp-json\/"}],"wp:attachment":[{"href":"https:\/\/sertsc.org.br\/site\/wp-json\/wp\/v2\/media?parent=18565"}],"wp:term":[{"taxonomy":"category","embeddable":true,"href":"https:\/\/sertsc.org.br\/site\/wp-json\/wp\/v2\/categories?post=18565"},{"taxonomy":"post_tag","embeddable":true,"href":"https:\/\/sertsc.org.br\/site\/wp-json\/wp\/v2\/tags?post=18565"}],"curies":[{"name":"wp","href":"https:\/\/api.w.org\/{rel}","templated":true}]}}