{"id":18550,"date":"2022-10-11T10:03:14","date_gmt":"2022-10-11T13:03:14","guid":{"rendered":"https:\/\/www.sertsc.org.br\/site\/?p=18550"},"modified":"2022-10-11T10:03:14","modified_gmt":"2022-10-11T13:03:14","slug":"consulta-publica-reune-sugestoes-para-edital-de-licitacao-das-outorgas-de-radio-e-tv","status":"publish","type":"post","link":"https:\/\/sertsc.org.br\/site\/consulta-publica-reune-sugestoes-para-edital-de-licitacao-das-outorgas-de-radio-e-tv\/","title":{"rendered":"Consulta p\u00fablica re\u00fane sugest\u00f5es para edital de licita\u00e7\u00e3o das outorgas de R\u00e1dio e TV"},"content":{"rendered":"<p>Pessoas e institui\u00e7\u00f5es podem colaborar com a minuta do Edital, por meio da Plataforma Participa +Brasil, at\u00e9 o dia 8 de novembro<\/p>\n<p>O Minist\u00e9rio das Comunica\u00e7\u00f5es (MCom) abriu nesta segunda-feira (10), por meio da Secretaria de Radiodifus\u00e3o (Serad), uma consulta p\u00fablica para reunir colabora\u00e7\u00f5es sobre a minuta do Edital de Licita\u00e7\u00e3o a ser lan\u00e7ado pela pasta, para a permiss\u00e3o do servi\u00e7o de radiodifus\u00e3o sonora comercial de FM e para a concess\u00e3o do servi\u00e7o de radiodifus\u00e3o de sons e imagens (TV). As sugest\u00f5es devem ser encaminhadas at\u00e9 8 de novembro, por meio da Plataforma Participa +Brasil.<\/p>\n<p>Pessoas e institui\u00e7\u00f5es podem participar da Consulta P\u00fablica. Ap\u00f3s o prazo, o pr\u00f3ximo passo ser\u00e1 a consolida\u00e7\u00e3o do Plano Nacional de Outorgas (PNO) e, futuramente, o lan\u00e7amento do edital de licita\u00e7\u00e3o. No caso da minuta dispon\u00edvel para receber sugest\u00f5es, a permiss\u00e3o para explora\u00e7\u00e3o de servi\u00e7o de radiodifus\u00e3o em r\u00e1dios FM ser\u00e1 concedida por um per\u00edodo de 10 anos. J\u00e1 para as TVs, o prazo de concess\u00e3o ser\u00e1 de 15 anos.<\/p>\n<p>A iniciativa d\u00e1 seguimento ao planejamento e \u00e0 prepara\u00e7\u00e3o de novos editais para o setor. A minuta de instrumento em discuss\u00e3o est\u00e1 em conformidade com as altera\u00e7\u00f5es trazidas pela nova Lei de Licita\u00e7\u00f5es e Contratos Administrativos (Lei n\u00ba 14.133\/2021) e outras legisla\u00e7\u00f5es do setor de radiodifus\u00e3o (Lei n\u00ba 14.027\/2020, Decreto n\u00ba 10.804\/2021 e Portaria MCom n\u00ba 5.256\/2022).<\/p>\n<p>Esta \u00e9 a segunda consulta relacionada ao tema. Em mar\u00e7o, o MCom abriu outra consulta p\u00fablica para tratar sobre a manuten\u00e7\u00e3o de interesse no lan\u00e7amento de editais de licita\u00e7\u00e3o para novas outorgas de radiodifus\u00e3o comercial de FM e\/ou de TV. Outras informa\u00e7\u00f5es podem ser obtidas por meio do Espa\u00e7o do Radiodifusor, pelo telefone: (61) 2027-6397.<\/p>\n<p><img fetchpriority=\"high\" decoding=\"async\" class=\"wp-image-18551 aligncenter\" src=\"https:\/\/www.sertsc.org.br\/site\/wp-content\/uploads\/2022\/10\/Aniversario-Email-22-6-300x200.png\" alt=\"\" width=\"495\" height=\"330\" \/><\/p>\n<p>Fonte: MCOM.<\/p>\n","protected":false},"excerpt":{"rendered":"<p>Pessoas e institui\u00e7\u00f5es podem colaborar com a minuta do Edital,&hellip;<\/p>\n<p> <a class=\"more-link\" href=\"https:\/\/sertsc.org.br\/site\/consulta-publica-reune-sugestoes-para-edital-de-licitacao-das-outorgas-de-radio-e-tv\/\">Leia mais<\/a><\/p>\n","protected":false},"author":1,"featured_media":18551,"comment_status":"open","ping_status":"open","sticky":false,"template":"","format":"standard","meta":{"footnotes":""},"categories":[33,3],"tags":[],"class_list":{"0":"post-18550","1":"post","2":"type-post","3":"status-publish","4":"format-standard","5":"has-post-thumbnail","7":"category-destaques","8":"category-noticias"},"_links":{"self":[{"href":"https:\/\/sertsc.org.br\/site\/wp-json\/wp\/v2\/posts\/18550","targetHints":{"allow":["GET"]}}],"collection":[{"href":"https:\/\/sertsc.org.br\/site\/wp-json\/wp\/v2\/posts"}],"about":[{"href":"https:\/\/sertsc.org.br\/site\/wp-json\/wp\/v2\/types\/post"}],"author":[{"embeddable":true,"href":"https:\/\/sertsc.org.br\/site\/wp-json\/wp\/v2\/users\/1"}],"replies":[{"embeddable":true,"href":"https:\/\/sertsc.org.br\/site\/wp-json\/wp\/v2\/comments?post=18550"}],"version-history":[{"count":0,"href":"https:\/\/sertsc.org.br\/site\/wp-json\/wp\/v2\/posts\/18550\/revisions"}],"wp:featuredmedia":[{"embeddable":true,"href":"https:\/\/sertsc.org.br\/site\/wp-json\/"}],"wp:attachment":[{"href":"https:\/\/sertsc.org.br\/site\/wp-json\/wp\/v2\/media?parent=18550"}],"wp:term":[{"taxonomy":"category","embeddable":true,"href":"https:\/\/sertsc.org.br\/site\/wp-json\/wp\/v2\/categories?post=18550"},{"taxonomy":"post_tag","embeddable":true,"href":"https:\/\/sertsc.org.br\/site\/wp-json\/wp\/v2\/tags?post=18550"}],"curies":[{"name":"wp","href":"https:\/\/api.w.org\/{rel}","templated":true}]}}