{"id":18543,"date":"2022-10-10T09:57:10","date_gmt":"2022-10-10T12:57:10","guid":{"rendered":"https:\/\/www.sertsc.org.br\/site\/?p=18543"},"modified":"2022-10-10T09:57:10","modified_gmt":"2022-10-10T12:57:10","slug":"5g-e-ativado-em-todas-as-capitais-brasileiras","status":"publish","type":"post","link":"https:\/\/sertsc.org.br\/site\/5g-e-ativado-em-todas-as-capitais-brasileiras\/","title":{"rendered":"5G \u00e9 ativado em todas as capitais brasileiras"},"content":{"rendered":"<p>Nova gera\u00e7\u00e3o de internet m\u00f3vel chegou \u00e0s cidades antes do prazo definido pela Anatel<\/p>\n<p>A rede 5G foi ativada, nesta quinta-feira (6), nas \u00faltimas cinco capitais brasileiras que faltavam: Bel\u00e9m (PA), Macap\u00e1 (AP), Manaus (AM), Porto Velho (RO) e Rio Branco (AC). Com a implanta\u00e7\u00e3o da nova tecnologia nessas cidades, todas as sedes estaduais passam a estar conectadas \u00e0 quinta gera\u00e7\u00e3o de internet m\u00f3vel antes mesmo do prazo final definido pela Ag\u00eancia Nacional de Telecomunica\u00e7\u00f5es (Anatel). A data limite para libera\u00e7\u00e3o do sinal era 28 de novembro.<\/p>\n<p>Bras\u00edlia foi a primeira a ativar o 5G. Gradualmente, as demais capitais liberaram o sinal. Mais de 50 milh\u00f5es de pessoas que vivem nessas cidades poder\u00e3o ser beneficiadas com a chegada do 5G, o que representa 24% da popula\u00e7\u00e3o brasileira. A tecnologia permite velocidade de conex\u00e3o ultrarr\u00e1pida &#8211; at\u00e9 100 vezes mais veloz do que o 4G &#8211; e baix\u00edssima lat\u00eancia, ou seja, curto tempo de resposta entre um comando e a execu\u00e7\u00e3o da a\u00e7\u00e3o. Desse modo, viabiliza inova\u00e7\u00f5es digitais em diversos setores, entre eles, com\u00e9rcio, ind\u00fastria, agroneg\u00f3cio, sa\u00fade e educa\u00e7\u00e3o.<\/p>\n<p>Cobertura 5G &#8211; At\u00e9 o momento, est\u00e3o ativas 5.275 antenas de 5G standalone. Essa quantidade \u00e9 o dobro do m\u00ednimo (2.528) estabelecido no leil\u00e3o de radiofrequ\u00eancias, garantindo, assim, maior cobertura do sinal nos bairros. O n\u00famero de esta\u00e7\u00f5es deve chegar a 6.370 at\u00e9 2025, conforme as obriga\u00e7\u00f5es assumidas pelas empresas vencedoras dos lotes nacionais do leil\u00e3o do 5G.<\/p>\n<p>O pr\u00f3ximo passo para expans\u00e3o do 5G no Brasil \u00e9 a ativa\u00e7\u00e3o da rede em cidades com mais de 500 mil habitantes. Conforme o cronograma, a limpeza da faixa de 3,5 GHz nessas localidades deve ser feita at\u00e9 janeiro de 2023 para possibilitar ativa\u00e7\u00e3o do sinal.<\/p>\n<p>Impactos na economia &#8211; O uso do 5G pode movimentar R$ 590 bilh\u00f5es por ano, segundo levantamento do Minist\u00e9rio da Economia, em parceria com o Programa das Na\u00e7\u00f5es Unidas para o Desenvolvimento (PNUD). Para empresas, multinacionais e startups, a nova gera\u00e7\u00e3o de internet m\u00f3vel pode gerar impacto de R$ 101 bilh\u00f5es at\u00e9 2031. O F\u00f3rum Econ\u00f4mico Mundial projeta, ainda, que o 5G fomente a gera\u00e7\u00e3o de 22,8 milh\u00f5es de empregos no mundo at\u00e9 2035.<\/p>\n<p><img fetchpriority=\"high\" decoding=\"async\" class=\"wp-image-18544 aligncenter\" src=\"https:\/\/www.sertsc.org.br\/site\/wp-content\/uploads\/2022\/10\/Aniversario-Email-22-3-1-300x200.png\" alt=\"\" width=\"491\" height=\"327\" \/><\/p>\n<p>Fonte: MCOM.<\/p>\n","protected":false},"excerpt":{"rendered":"<p>Nova gera\u00e7\u00e3o de internet m\u00f3vel chegou \u00e0s cidades antes do&hellip;<\/p>\n<p> <a class=\"more-link\" href=\"https:\/\/sertsc.org.br\/site\/5g-e-ativado-em-todas-as-capitais-brasileiras\/\">Leia mais<\/a><\/p>\n","protected":false},"author":1,"featured_media":18544,"comment_status":"open","ping_status":"open","sticky":false,"template":"","format":"standard","meta":{"footnotes":""},"categories":[33,3],"tags":[],"class_list":{"0":"post-18543","1":"post","2":"type-post","3":"status-publish","4":"format-standard","5":"has-post-thumbnail","7":"category-destaques","8":"category-noticias"},"_links":{"self":[{"href":"https:\/\/sertsc.org.br\/site\/wp-json\/wp\/v2\/posts\/18543","targetHints":{"allow":["GET"]}}],"collection":[{"href":"https:\/\/sertsc.org.br\/site\/wp-json\/wp\/v2\/posts"}],"about":[{"href":"https:\/\/sertsc.org.br\/site\/wp-json\/wp\/v2\/types\/post"}],"author":[{"embeddable":true,"href":"https:\/\/sertsc.org.br\/site\/wp-json\/wp\/v2\/users\/1"}],"replies":[{"embeddable":true,"href":"https:\/\/sertsc.org.br\/site\/wp-json\/wp\/v2\/comments?post=18543"}],"version-history":[{"count":0,"href":"https:\/\/sertsc.org.br\/site\/wp-json\/wp\/v2\/posts\/18543\/revisions"}],"wp:featuredmedia":[{"embeddable":true,"href":"https:\/\/sertsc.org.br\/site\/wp-json\/"}],"wp:attachment":[{"href":"https:\/\/sertsc.org.br\/site\/wp-json\/wp\/v2\/media?parent=18543"}],"wp:term":[{"taxonomy":"category","embeddable":true,"href":"https:\/\/sertsc.org.br\/site\/wp-json\/wp\/v2\/categories?post=18543"},{"taxonomy":"post_tag","embeddable":true,"href":"https:\/\/sertsc.org.br\/site\/wp-json\/wp\/v2\/tags?post=18543"}],"curies":[{"name":"wp","href":"https:\/\/api.w.org\/{rel}","templated":true}]}}