{"id":18535,"date":"2022-10-05T09:39:54","date_gmt":"2022-10-05T12:39:54","guid":{"rendered":"https:\/\/www.sertsc.org.br\/site\/?p=18535"},"modified":"2022-10-05T09:39:54","modified_gmt":"2022-10-05T12:39:54","slug":"levantamento-brasil-se-aproxima-da-marca-de-900-estacoes-originadas-na-faixa-am-que-ja-estao-ativas-em-fm","status":"publish","type":"post","link":"https:\/\/sertsc.org.br\/site\/levantamento-brasil-se-aproxima-da-marca-de-900-estacoes-originadas-na-faixa-am-que-ja-estao-ativas-em-fm\/","title":{"rendered":"Levantamento: Brasil se aproxima da marca de 900 esta\u00e7\u00f5es originadas na faixa AM que j\u00e1 est\u00e3o ativas em FM"},"content":{"rendered":"<p>A migra\u00e7\u00e3o das r\u00e1dios AMs para a faixa FM continua progredindo pelo dial brasileiro. Segundo o levantamento realizado pelo tudoradio.com, que mapeia as migrantes AM-FM j\u00e1 em opera\u00e7\u00e3o, s\u00e3o 897 esta\u00e7\u00f5es que completaram o seu processo at\u00e9 o fechamento deste texto. As emissoras originadas na faixa AM est\u00e3o ocupando todo o espectro em FM, ou seja, o pa\u00eds j\u00e1 conta com emissoras em eFM (FM estendido, de 76.1 FM a 87.3 FM) e no dial convencional (88.1 FM a 107.9 FM). As migrantes mais recentes, considerando os \u00faltimos 30 dias, foram percebidas nos estados de S\u00e3o Paulo, Bahia, Rio Grande do Sul e Santa Catarina.<\/p>\n<p>S\u00e3o Paulo, que desde o in\u00edcio do uso do FM estendido para a migra\u00e7\u00e3o das AMs passou a ser o estado com o maior n\u00famero de migrantes AM-FM mapeadas pelo sistema Dials AM\/FM tudoradio.com, totaliza 119 emissoras nesta condi\u00e7\u00e3o. O leste paulista foi palco de duas das cinco migrantes AM-FM mais recentes, com as estreias das transmiss\u00f5es das esta\u00e7\u00f5es R\u00e1dio Clube Araraense FM 101.7 de Araras (originada em 1460 AM) e a R\u00e1dio Clube FM 93.1 de Itapira (antes em 930 AM). A outra esta\u00e7\u00e3o paulista a migrar foi a R\u00e1dio Assembleia de Deus FM 107.7 de Rancharia (SP), vinda da AM 1230.<\/p>\n<p>Na capital, houve o in\u00edcio das opera\u00e7\u00f5es da R\u00e1dio S\u00e3o Paulo FM 79.5, inicialmente de forma experimental. Com transmiss\u00e3o em car\u00e1ter cient\u00edfico, a esta\u00e7\u00e3o \u00e9 originada em AM 960 e foi percebida no ar a partir de 5 de setembro.<\/p>\n<p>Tamb\u00e9m em territ\u00f3rio paulista houve o in\u00edcio da opera\u00e7\u00e3o da Jovem Pan News FM 93.1 de S\u00e3o Jos\u00e9 do Rio Preto, emissora pr\u00f3pria do Grupo Jovem Pan e que segue em fase experimental no dial FM. A esta\u00e7\u00e3o \u00e9 originada em AM 900 e foi percebida no ar a partir do \u00faltimo dia 13.<\/p>\n<p>J\u00e1 Santa Catarina (85 migrantes AM-FM mapeadas) tem a migrante AM-FM mais recente originada a partir de seu munic\u00edpio mais populoso: Joinville. A cidade percebeu nesta segunda-feira (3) o in\u00edcio da transmiss\u00e3o experimental da R\u00e1dio Arca da Alian\u00e7a FM 93.5, emissora que tem sua estreia oficial prevista para o pr\u00f3ximo dia 12, esta\u00e7\u00e3o que \u00e9 originada em AM 1480. E Brusque, no Vale do Itaja\u00ed, passou a contar com a R\u00e1dio Araguaia FM 104.5 (antes em AM 970).<\/p>\n<p>O Rio Grande do Sul, estado com 79 migrantes AM-FM ativas e mapeadas nos dials, tamb\u00e9m teve duas novidades recentes no processo: na Grande Porto Alegre foi percebida a entrada no ar da R\u00e1dio Taquara FM 105.9 de Taquara (originada em AM 1490) e da Tua R\u00e1dio Garibaldi FM 101.5 de Garibaldi (vinda de AM 1410).<\/p>\n<p>Outro estado que tamb\u00e9m contou com uma nova migrante AM-FM ativa no dial nos \u00faltimos 30 dias foi a Bahia (48 migrantes AM-FM mapeadas). Por l\u00e1 foi percebida a opera\u00e7\u00e3o da Planalto FM 93.7 de Euclides da Cunha (BA), emissora originada em AM 660.<\/p>\n<p>O Mapa da Atualiza\u00e7\u00e3o do tudoradio.com, que registra em tempo real as mudan\u00e7as que ocorrem no dial, tamb\u00e9m tem mostrado uma grande movimenta\u00e7\u00e3o entre as migrantes AM-FM que j\u00e1 estavam ativas. Uma delas \u00e9 a futura Clube FM 95.1 de Passa Quatro (sul de Minas Gerais), que deixou de operar como Paz do Vale e ir\u00e1 oficializar a sua entrada na Rede Clube FM Brasil a partir do pr\u00f3ximo dia 10.<\/p>\n<p><img fetchpriority=\"high\" decoding=\"async\" class=\"wp-image-18536 aligncenter\" src=\"https:\/\/www.sertsc.org.br\/site\/wp-content\/uploads\/2022\/10\/Aniversario-Email-22-1-1-300x200.png\" alt=\"\" width=\"519\" height=\"346\" \/><\/p>\n<p>Fonte: Tudo R\u00e1dio.<\/p>\n","protected":false},"excerpt":{"rendered":"<p>A migra\u00e7\u00e3o das r\u00e1dios AMs para a faixa FM continua&hellip;<\/p>\n<p> <a class=\"more-link\" href=\"https:\/\/sertsc.org.br\/site\/levantamento-brasil-se-aproxima-da-marca-de-900-estacoes-originadas-na-faixa-am-que-ja-estao-ativas-em-fm\/\">Leia mais<\/a><\/p>\n","protected":false},"author":1,"featured_media":18536,"comment_status":"open","ping_status":"open","sticky":false,"template":"","format":"standard","meta":{"footnotes":""},"categories":[33,3],"tags":[],"class_list":{"0":"post-18535","1":"post","2":"type-post","3":"status-publish","4":"format-standard","5":"has-post-thumbnail","7":"category-destaques","8":"category-noticias"},"_links":{"self":[{"href":"https:\/\/sertsc.org.br\/site\/wp-json\/wp\/v2\/posts\/18535","targetHints":{"allow":["GET"]}}],"collection":[{"href":"https:\/\/sertsc.org.br\/site\/wp-json\/wp\/v2\/posts"}],"about":[{"href":"https:\/\/sertsc.org.br\/site\/wp-json\/wp\/v2\/types\/post"}],"author":[{"embeddable":true,"href":"https:\/\/sertsc.org.br\/site\/wp-json\/wp\/v2\/users\/1"}],"replies":[{"embeddable":true,"href":"https:\/\/sertsc.org.br\/site\/wp-json\/wp\/v2\/comments?post=18535"}],"version-history":[{"count":0,"href":"https:\/\/sertsc.org.br\/site\/wp-json\/wp\/v2\/posts\/18535\/revisions"}],"wp:featuredmedia":[{"embeddable":true,"href":"https:\/\/sertsc.org.br\/site\/wp-json\/"}],"wp:attachment":[{"href":"https:\/\/sertsc.org.br\/site\/wp-json\/wp\/v2\/media?parent=18535"}],"wp:term":[{"taxonomy":"category","embeddable":true,"href":"https:\/\/sertsc.org.br\/site\/wp-json\/wp\/v2\/categories?post=18535"},{"taxonomy":"post_tag","embeddable":true,"href":"https:\/\/sertsc.org.br\/site\/wp-json\/wp\/v2\/tags?post=18535"}],"curies":[{"name":"wp","href":"https:\/\/api.w.org\/{rel}","templated":true}]}}