{"id":18529,"date":"2022-10-04T14:18:50","date_gmt":"2022-10-04T17:18:50","guid":{"rendered":"https:\/\/www.sertsc.org.br\/site\/?p=18529"},"modified":"2022-10-04T14:18:50","modified_gmt":"2022-10-04T17:18:50","slug":"brasil-e-eleito-para-conselho-da-uniao-internacional-de-telecomunicacoes-uit","status":"publish","type":"post","link":"https:\/\/sertsc.org.br\/site\/brasil-e-eleito-para-conselho-da-uniao-internacional-de-telecomunicacoes-uit\/","title":{"rendered":"Brasil \u00e9 eleito para Conselho da Uni\u00e3o Internacional de Telecomunica\u00e7\u00f5es (UIT)"},"content":{"rendered":"<p>Representante do Minist\u00e9rio das Comunica\u00e7\u00f5es (MCom) tamb\u00e9m passar\u00e1 a participar de comit\u00ea que trata de regula\u00e7\u00e3o de r\u00e1dio<\/p>\n<p>O Brasil seguir\u00e1 no Conselho da Uni\u00e3o Internacional de Telecomunica\u00e7\u00f5es (UIT), ag\u00eancia do Sistema das Na\u00e7\u00f5es Unidas ligado ao setor de tecnologias de informa\u00e7\u00f5es, comunica\u00e7\u00f5es (TICs) e telecomunica\u00e7\u00f5es. A elei\u00e7\u00e3o ocorreu durante a Confer\u00eancia de Plenipotenci\u00e1rios da UIT, em Bucareste, na Rom\u00eania, nesta segunda-feira (3), que contou com a participa\u00e7\u00e3o de integrantes do Minist\u00e9rio das Comunica\u00e7\u00f5es (MCom), da Ag\u00eancia Nacional de Telecomunica\u00e7\u00f5es (Anatel) e do Minist\u00e9rio das Rela\u00e7\u00f5es Exteriores. Al\u00e9m disso, o especialista em regula\u00e7\u00e3o de telecomunica\u00e7\u00f5es, Agostinho Linhares de Souza, servidor de carreira da Anatel e que atua no MCom, foi eleito para compor a Junta de Regula\u00e7\u00e3o de R\u00e1dio (RRB) do mesmo \u00f3rg\u00e3o.<\/p>\n<p>Duas das 12 cadeiras na Junta estavam destinadas a pa\u00edses da Am\u00e9rica. Para uma das vagas foi eleita a canadense Chantal Beaumier. A disputa para a outra vaga ficou entre o brasileiro e o mexicano Javier Ju\u00e1rez Mojica \u2013 que perdeu com a diferen\u00e7a de um voto. Agostinho Linhares, engenheiro de telecomunica\u00e7\u00f5es com doutorado pela Universidade de Bras\u00edlia (UnB), \u00e9 o primeiro brasileiro em 30 anos a assumir um assento na Junta.<\/p>\n<p>O RRB \u00e9 o organismo da UIT competente para aprovar as regras utilizadas no Setor de Radiocomunica\u00e7\u00f5es, e atua para harmonizar suas aplica\u00e7\u00f5es entre os Estados Membros. Adicionalmente, \u00e9 a inst\u00e2ncia respons\u00e1vel pela coordena\u00e7\u00e3o entre sistemas espaciais e entre sistemas terrestres de comunica\u00e7\u00f5es.<\/p>\n<p>CONSELHO DA UIT \u2013 De um total de 182 pa\u00edses que poderiam votar, o Brasil recebeu 166 votos. O \u00f3rg\u00e3o \u00e9 formado por 48 assentos, sendo nove reservados \u00e0s Am\u00e9ricas. Argentina, M\u00e9xico, Bahamas, Canad\u00e1, Cuba, Estados Unidos, Paraguai e El Salvador tamb\u00e9m foram eleitos para participar do Conselho.<\/p>\n<p>\u201cO resultado reflete o reconhecimento internacional da atua\u00e7\u00e3o t\u00e9cnica e equilibrada do Pa\u00eds na agenda internacional de conectividade e padroniza\u00e7\u00e3o de TICs\u201d, ressaltou o secret\u00e1rio Nacional de Radiodifus\u00e3o, Maximiliano Martinh\u00e3o, que est\u00e1 presente no encontro internacional.<\/p>\n<p><img fetchpriority=\"high\" decoding=\"async\" class=\"wp-image-18530 aligncenter\" src=\"https:\/\/www.sertsc.org.br\/site\/wp-content\/uploads\/2022\/10\/Aniversario-Email-22-2-300x200.png\" alt=\"\" width=\"509\" height=\"339\" \/><\/p>\n<p>Fonte: MCOM.<\/p>\n<p>&nbsp;<\/p>\n","protected":false},"excerpt":{"rendered":"<p>Representante do Minist\u00e9rio das Comunica\u00e7\u00f5es (MCom) tamb\u00e9m passar\u00e1 a participar&hellip;<\/p>\n<p> <a class=\"more-link\" href=\"https:\/\/sertsc.org.br\/site\/brasil-e-eleito-para-conselho-da-uniao-internacional-de-telecomunicacoes-uit\/\">Leia mais<\/a><\/p>\n","protected":false},"author":1,"featured_media":18530,"comment_status":"open","ping_status":"open","sticky":false,"template":"","format":"standard","meta":{"footnotes":""},"categories":[33,3],"tags":[],"class_list":{"0":"post-18529","1":"post","2":"type-post","3":"status-publish","4":"format-standard","5":"has-post-thumbnail","7":"category-destaques","8":"category-noticias"},"_links":{"self":[{"href":"https:\/\/sertsc.org.br\/site\/wp-json\/wp\/v2\/posts\/18529","targetHints":{"allow":["GET"]}}],"collection":[{"href":"https:\/\/sertsc.org.br\/site\/wp-json\/wp\/v2\/posts"}],"about":[{"href":"https:\/\/sertsc.org.br\/site\/wp-json\/wp\/v2\/types\/post"}],"author":[{"embeddable":true,"href":"https:\/\/sertsc.org.br\/site\/wp-json\/wp\/v2\/users\/1"}],"replies":[{"embeddable":true,"href":"https:\/\/sertsc.org.br\/site\/wp-json\/wp\/v2\/comments?post=18529"}],"version-history":[{"count":0,"href":"https:\/\/sertsc.org.br\/site\/wp-json\/wp\/v2\/posts\/18529\/revisions"}],"wp:featuredmedia":[{"embeddable":true,"href":"https:\/\/sertsc.org.br\/site\/wp-json\/"}],"wp:attachment":[{"href":"https:\/\/sertsc.org.br\/site\/wp-json\/wp\/v2\/media?parent=18529"}],"wp:term":[{"taxonomy":"category","embeddable":true,"href":"https:\/\/sertsc.org.br\/site\/wp-json\/wp\/v2\/categories?post=18529"},{"taxonomy":"post_tag","embeddable":true,"href":"https:\/\/sertsc.org.br\/site\/wp-json\/wp\/v2\/tags?post=18529"}],"curies":[{"name":"wp","href":"https:\/\/api.w.org\/{rel}","templated":true}]}}