{"id":18521,"date":"2022-10-03T14:48:49","date_gmt":"2022-10-03T17:48:49","guid":{"rendered":"https:\/\/www.sertsc.org.br\/site\/?p=18521"},"modified":"2022-10-03T14:48:49","modified_gmt":"2022-10-03T17:48:49","slug":"18521-2","status":"publish","type":"post","link":"https:\/\/sertsc.org.br\/site\/18521-2\/","title":{"rendered":"Hor\u00e1rio eleitoral volta ao r\u00e1dio a partir da pr\u00f3xima sexta-feira (7) em todo o pa\u00eds"},"content":{"rendered":"<p>O Hor\u00e1rio Eleitoral vai voltar \u00e0s programa\u00e7\u00f5es das r\u00e1dios de todo o pa\u00eds a partir da pr\u00f3xima sexta-feira (7). Todas as r\u00e1dios dever\u00e3o veicular os programas dos candidatos que est\u00e3o concorrendo ao cargo de presidente da Rep\u00fablica, assim como os estados que ainda contam com a disputa pelos governos. Onde houve a defini\u00e7\u00e3o estadual no primeiro turno, a obriga\u00e7\u00e3o \u00e9 apenas em \u00e2mbito federal.<\/p>\n<p>Com in\u00edcio na pr\u00f3xima sexta-feira, os programas ser\u00e3o veiculados at\u00e9 o dia 28 de outubro. A Justi\u00e7a Eleitoral elaborar\u00e1 nova distribui\u00e7\u00e3o de hor\u00e1rio eleitoral, observado que o tempo de propaganda em rede e por inser\u00e7\u00f5es ser\u00e1 dividido igualitariamente entre os partidos, as federa\u00e7\u00f5es ou as coliga\u00e7\u00f5es das candidatas e dos candidatos que disputam o segundo turno, iniciando-se pela candidatura que obteve maior vota\u00e7\u00e3o no primeiro turno, com a altern\u00e2ncia da ordem a cada programa em bloco ou veicula\u00e7\u00e3o de inser\u00e7\u00e3o.<\/p>\n<p>De acordo com a legisla\u00e7\u00e3o, a propaganda gratuita deve ser veiculada nas emissoras de r\u00e1dio e televis\u00e3o que operam em VHF e UHF. Assim como nos canais de TV por assinatura administrados pelo Senado Federal, pela C\u00e2mara dos Deputados, pelas Assembleias Legislativas, pela C\u00e2mara Legislativa do Distrito Federal e pelas C\u00e2maras Municipais.<\/p>\n<p>Os hor\u00e1rios para in\u00edcio dos programas devem ser os mesmos praticados no primeiro turno: No r\u00e1dio, a partir das 7h e \u00e0s 12h. Onde houver elei\u00e7\u00e3o para cargo de presidente da Rep\u00fablica e governador, diariamente, de segunda-feira a s\u00e1bado das 7h (sete horas) \u00e0s 7h10 (sete horas e dez minutos), e das 12h (doze horas) \u00e0s 12h10 (doze horas e dez minutos) para presidente; e das 7h10 (sete horas e dez minutos) \u00e0s 7h20 (sete horas e vinte minutos), e das 12h10 (doze horas e dez minutos) \u00e0s 12h20 (doze horas e vinte minutos) para governador.<\/p>\n<p><img fetchpriority=\"high\" decoding=\"async\" class=\"wp-image-18522 aligncenter\" src=\"https:\/\/www.sertsc.org.br\/site\/wp-content\/uploads\/2022\/10\/Aniversario-Email-22-300x200.png\" alt=\"\" width=\"518\" height=\"345\" \/><\/p>\n<p>Fonte: Tudo R\u00e1dio.<\/p>\n","protected":false},"excerpt":{"rendered":"<p>O Hor\u00e1rio Eleitoral vai voltar \u00e0s programa\u00e7\u00f5es das r\u00e1dios de&hellip;<\/p>\n<p> <a class=\"more-link\" href=\"https:\/\/sertsc.org.br\/site\/18521-2\/\">Leia mais<\/a><\/p>\n","protected":false},"author":1,"featured_media":18522,"comment_status":"open","ping_status":"open","sticky":false,"template":"","format":"standard","meta":{"footnotes":""},"categories":[33,3],"tags":[],"class_list":{"0":"post-18521","1":"post","2":"type-post","3":"status-publish","4":"format-standard","5":"has-post-thumbnail","7":"category-destaques","8":"category-noticias"},"_links":{"self":[{"href":"https:\/\/sertsc.org.br\/site\/wp-json\/wp\/v2\/posts\/18521","targetHints":{"allow":["GET"]}}],"collection":[{"href":"https:\/\/sertsc.org.br\/site\/wp-json\/wp\/v2\/posts"}],"about":[{"href":"https:\/\/sertsc.org.br\/site\/wp-json\/wp\/v2\/types\/post"}],"author":[{"embeddable":true,"href":"https:\/\/sertsc.org.br\/site\/wp-json\/wp\/v2\/users\/1"}],"replies":[{"embeddable":true,"href":"https:\/\/sertsc.org.br\/site\/wp-json\/wp\/v2\/comments?post=18521"}],"version-history":[{"count":0,"href":"https:\/\/sertsc.org.br\/site\/wp-json\/wp\/v2\/posts\/18521\/revisions"}],"wp:featuredmedia":[{"embeddable":true,"href":"https:\/\/sertsc.org.br\/site\/wp-json\/"}],"wp:attachment":[{"href":"https:\/\/sertsc.org.br\/site\/wp-json\/wp\/v2\/media?parent=18521"}],"wp:term":[{"taxonomy":"category","embeddable":true,"href":"https:\/\/sertsc.org.br\/site\/wp-json\/wp\/v2\/categories?post=18521"},{"taxonomy":"post_tag","embeddable":true,"href":"https:\/\/sertsc.org.br\/site\/wp-json\/wp\/v2\/tags?post=18521"}],"curies":[{"name":"wp","href":"https:\/\/api.w.org\/{rel}","templated":true}]}}