{"id":18514,"date":"2022-09-29T14:50:27","date_gmt":"2022-09-29T17:50:27","guid":{"rendered":"https:\/\/www.sertsc.org.br\/site\/?p=18514"},"modified":"2022-09-29T14:50:27","modified_gmt":"2022-09-29T17:50:27","slug":"radios-veiculam-ultima-propaganda-eleitoral-gratuita-do-primeiro-turno-das-eleicoes-no-brasil","status":"publish","type":"post","link":"https:\/\/sertsc.org.br\/site\/radios-veiculam-ultima-propaganda-eleitoral-gratuita-do-primeiro-turno-das-eleicoes-no-brasil\/","title":{"rendered":"R\u00e1dios veiculam \u00faltima propaganda eleitoral gratuita do primeiro turno das elei\u00e7\u00f5es no Brasil"},"content":{"rendered":"<p>O per\u00edodo de veicula\u00e7\u00e3o da propaganda eleitoral gratuita e obrigat\u00f3ria do primeiro turno das elei\u00e7\u00f5es 2022 termina nesta quinta-feira (29). A data tamb\u00e9m marca o fim do per\u00edodo para com\u00edcios, reuni\u00f5es p\u00fablicas com intuito pol\u00edtico e uso de aparelhagem sonora fixa.<\/p>\n<p>A \u00faltima veicula\u00e7\u00e3o do primeiro turno no r\u00e1dio foi encerrada \u00e0s 13h. O calend\u00e1rio eleitoral tamb\u00e9m aponta que o \u00faltimo dia para an\u00fancios de candidaturas e propaganda eleitoral em m\u00eddia impressa e digital ser\u00e1 nesta sexta-feira (30). No s\u00e1bado, \u00e0s 22h, termina o prazo para a utiliza\u00e7\u00e3o de carros de som e alto-falantes para divulga\u00e7\u00e3o pol\u00edtica e partid\u00e1ria, al\u00e9m de distribui\u00e7\u00e3o de material gr\u00e1fico, caminhada, carreata ou passeata.<\/p>\n<p>A interrup\u00e7\u00e3o da veicula\u00e7\u00e3o das inser\u00e7\u00f5es com campanhas dos candidatos faltando 48 horas para o pleito \u2013 que ocorre neste domingo (2) \u2013 \u00e9 prevista pela Justi\u00e7a Eleitoral. Ao longo de mais de um m\u00eas de exibi\u00e7\u00e3o dos programas, foram veiculados diariamente quatro blocos de 25 minutos cada, sendo dois deles no r\u00e1dio e os outros dois na televis\u00e3o. Al\u00e9m disso, ainda houve inser\u00e7\u00f5es de 30 segundos e de 60 segundos ao longo das programa\u00e7\u00f5es.<\/p>\n<p>Se houver segundo turno, a propaganda eleitoral gratuita ser\u00e1 retomada em 7 de outubro, e permanecer\u00e1 no ar at\u00e9 a antev\u00e9spera da elei\u00e7\u00e3o, dia 28 de outubro. Lembrando que o segundo turno, caso aconte\u00e7a, ser\u00e1 apenas para os candidatos a presidente e\/ou governador. Os demais cargos ser\u00e3o preenchidos ainda no primeiro turno.<\/p>\n<p><img fetchpriority=\"high\" decoding=\"async\" class=\"wp-image-18515 aligncenter\" src=\"https:\/\/www.sertsc.org.br\/site\/wp-content\/uploads\/2022\/09\/Aniversario-Email-22-2-3-300x200.png\" alt=\"\" width=\"495\" height=\"330\" \/><\/p>\n<p>Fonte: Tudo R\u00e1dio.<\/p>\n<div class=\"sfsi_responsive_icons\" data-icon-width-type=\"Fully responsive\" data-icon-width-size=\"240\" data-edge-type=\"Round\" data-edge-radius=\"5\">\n<div class=\"sfsi_icons_container sfsi_responsive_without_counter_icons sfsi_medium_button_container sfsi_icons_container_box_fully_container \"><\/div>\n<\/div>\n<div class=\"sfsi_responsive_icons\" data-icon-width-type=\"Fully responsive\" data-icon-width-size=\"240\" data-edge-type=\"Round\" data-edge-radius=\"5\">\n<div class=\"sfsi_icons_container sfsi_responsive_without_counter_icons sfsi_medium_button_container sfsi_icons_container_box_fully_container \"><\/div>\n<\/div>\n<div class=\"sfsi_responsive_icons\" data-icon-width-type=\"Fully responsive\" data-icon-width-size=\"240\" data-edge-type=\"Round\" data-edge-radius=\"5\">\n<div class=\"sfsi_icons_container sfsi_responsive_without_counter_icons sfsi_medium_button_container sfsi_icons_container_box_fully_container \"><\/div>\n<\/div>\n","protected":false},"excerpt":{"rendered":"<p>O per\u00edodo de veicula\u00e7\u00e3o da propaganda eleitoral gratuita e obrigat\u00f3ria&hellip;<\/p>\n<p> <a class=\"more-link\" href=\"https:\/\/sertsc.org.br\/site\/radios-veiculam-ultima-propaganda-eleitoral-gratuita-do-primeiro-turno-das-eleicoes-no-brasil\/\">Leia mais<\/a><\/p>\n","protected":false},"author":1,"featured_media":18515,"comment_status":"open","ping_status":"open","sticky":false,"template":"","format":"standard","meta":{"footnotes":""},"categories":[33,3],"tags":[],"class_list":{"0":"post-18514","1":"post","2":"type-post","3":"status-publish","4":"format-standard","5":"has-post-thumbnail","7":"category-destaques","8":"category-noticias"},"_links":{"self":[{"href":"https:\/\/sertsc.org.br\/site\/wp-json\/wp\/v2\/posts\/18514","targetHints":{"allow":["GET"]}}],"collection":[{"href":"https:\/\/sertsc.org.br\/site\/wp-json\/wp\/v2\/posts"}],"about":[{"href":"https:\/\/sertsc.org.br\/site\/wp-json\/wp\/v2\/types\/post"}],"author":[{"embeddable":true,"href":"https:\/\/sertsc.org.br\/site\/wp-json\/wp\/v2\/users\/1"}],"replies":[{"embeddable":true,"href":"https:\/\/sertsc.org.br\/site\/wp-json\/wp\/v2\/comments?post=18514"}],"version-history":[{"count":0,"href":"https:\/\/sertsc.org.br\/site\/wp-json\/wp\/v2\/posts\/18514\/revisions"}],"wp:featuredmedia":[{"embeddable":true,"href":"https:\/\/sertsc.org.br\/site\/wp-json\/"}],"wp:attachment":[{"href":"https:\/\/sertsc.org.br\/site\/wp-json\/wp\/v2\/media?parent=18514"}],"wp:term":[{"taxonomy":"category","embeddable":true,"href":"https:\/\/sertsc.org.br\/site\/wp-json\/wp\/v2\/categories?post=18514"},{"taxonomy":"post_tag","embeddable":true,"href":"https:\/\/sertsc.org.br\/site\/wp-json\/wp\/v2\/tags?post=18514"}],"curies":[{"name":"wp","href":"https:\/\/api.w.org\/{rel}","templated":true}]}}