{"id":18511,"date":"2022-09-29T14:45:10","date_gmt":"2022-09-29T17:45:10","guid":{"rendered":"https:\/\/www.sertsc.org.br\/site\/?p=18511"},"modified":"2022-09-29T14:45:10","modified_gmt":"2022-09-29T17:45:10","slug":"evento-do-senac-traz-uma-exposicao-de-radios-antigos-e-um-bate-papo-com-profissionais-da-comunicacao","status":"publish","type":"post","link":"https:\/\/sertsc.org.br\/site\/evento-do-senac-traz-uma-exposicao-de-radios-antigos-e-um-bate-papo-com-profissionais-da-comunicacao\/","title":{"rendered":"Evento do Senac traz uma exposi\u00e7\u00e3o de r\u00e1dios antigos e um bate-papo com profissionais da comunica\u00e7\u00e3o"},"content":{"rendered":"<p>O Senac (Servi\u00e7o Nacional de Aprendizagem Comercial) segue at\u00e9 o final de outubro com um evento especial voltado aos 100 anos do r\u00e1dio no Brasil. Nesta quinta-feira (29) o workshop acontece na unidade de Votuporanga, no interior paulista. Na ocasi\u00e3o, ser\u00e3o recebidos diversos nomes importantes da comunica\u00e7\u00e3o, al\u00e9m da possibilidade dos participantes conferirem uma exposi\u00e7\u00e3o de r\u00e1dios antigos. O evento poder\u00e1 ser assistido tanto de forma presencial, quanto online.<\/p>\n<p>O Senac deu in\u00edcio no \u00faltimo dia 22 a uma s\u00e9rie de eventos relacionados aos 100 anos do r\u00e1dio no Brasil. A institui\u00e7\u00e3o de ensino vai reunir v\u00e1rios radialistas conhecidos no mercado de S\u00e3o Paulo para ministrarem cursos nas mais diversas unidades que est\u00e3o em v\u00e1rias cidades do estado de S\u00e3o Paulo. Nesta semana \u00e9 a vez da unidade de Votuporanga receber o workshop, que \u00e9 gratuito e que est\u00e1 previsto para ocorrer entre 19h e 21h.<\/p>\n<p>Nesta quinta-feira (29) o encontro recebe DJ Lukinha, Anderson Luan (Case Senac), Dirceu Camargo (in\u00edcio do r\u00e1dio em Votuporanga), F\u00e1bio Ferreira (locu\u00e7\u00e3o esportiva), Juninho Mazzei (o r\u00e1dio na regi\u00e3o) e Meg Monteiro (a voz feminina no r\u00e1dio). Os pain\u00e9is ser\u00e3o mediados por Orlando Ribeiro e Alexandre &#8220;Lob\u00e3o&#8221;.<\/p>\n<p>Al\u00e9m dos nomes acima o workshop ir\u00e1 contar com as participa\u00e7\u00f5es especiais de Moacyr Vezzani Neto, profissional que \u00e9 t\u00e9cnico de Desenvolvimento Profissional e respons\u00e1vel pelas \u00e1reas de Comunica\u00e7\u00e3o e Artes \u2013 Cinema, V\u00eddeo, R\u00e1dio e TV \/ Comunica\u00e7\u00e3o Social do Senac S\u00e3o Paulo, Marisa Mariotto, docente e dos estudantes do curso de Radialista \u2013 Setor Locu\u00e7\u00e3o 2022.<\/p>\n<p>Os interessados em participar do evento do Senac dedicado aos 100 anos do r\u00e1dio no Brasil podem optar pela op\u00e7\u00e3o presencial ou online. O encontro vai ser realizado no Senac de Votuporanga, localizado \u00e0 rua Guapor\u00e9, 3221, no bairro Nova Boa Vista. J\u00e1 os que preferirem acompanhar a transmiss\u00e3o pela internet devem acessar a p\u00e1gina do evento, escolher a data desejada e realizar a inscri\u00e7\u00e3o.<\/p>\n<p><img fetchpriority=\"high\" decoding=\"async\" class=\"wp-image-18512 aligncenter\" src=\"https:\/\/www.sertsc.org.br\/site\/wp-content\/uploads\/2022\/09\/Aniversario-Email-22-1-2-300x200.png\" alt=\"\" width=\"503\" height=\"335\" \/><\/p>\n<p>Fonte: Tudo R\u00e1dio.<\/p>\n<div class=\"sfsi_responsive_icons\" data-icon-width-type=\"Fully responsive\" data-icon-width-size=\"240\" data-edge-type=\"Round\" data-edge-radius=\"5\">\n<div class=\"sfsi_icons_container sfsi_responsive_without_counter_icons sfsi_medium_button_container sfsi_icons_container_box_fully_container \"><\/div>\n<\/div>\n<div class=\"sfsi_responsive_icons\" data-icon-width-type=\"Fully responsive\" data-icon-width-size=\"240\" data-edge-type=\"Round\" data-edge-radius=\"5\">\n<div class=\"sfsi_icons_container sfsi_responsive_without_counter_icons sfsi_medium_button_container sfsi_icons_container_box_fully_container \"><\/div>\n<\/div>\n","protected":false},"excerpt":{"rendered":"<p>O Senac (Servi\u00e7o Nacional de Aprendizagem Comercial) segue at\u00e9 o&hellip;<\/p>\n<p> <a class=\"more-link\" href=\"https:\/\/sertsc.org.br\/site\/evento-do-senac-traz-uma-exposicao-de-radios-antigos-e-um-bate-papo-com-profissionais-da-comunicacao\/\">Leia mais<\/a><\/p>\n","protected":false},"author":1,"featured_media":18512,"comment_status":"open","ping_status":"open","sticky":false,"template":"","format":"standard","meta":{"footnotes":""},"categories":[33,3],"tags":[],"class_list":{"0":"post-18511","1":"post","2":"type-post","3":"status-publish","4":"format-standard","5":"has-post-thumbnail","7":"category-destaques","8":"category-noticias"},"_links":{"self":[{"href":"https:\/\/sertsc.org.br\/site\/wp-json\/wp\/v2\/posts\/18511","targetHints":{"allow":["GET"]}}],"collection":[{"href":"https:\/\/sertsc.org.br\/site\/wp-json\/wp\/v2\/posts"}],"about":[{"href":"https:\/\/sertsc.org.br\/site\/wp-json\/wp\/v2\/types\/post"}],"author":[{"embeddable":true,"href":"https:\/\/sertsc.org.br\/site\/wp-json\/wp\/v2\/users\/1"}],"replies":[{"embeddable":true,"href":"https:\/\/sertsc.org.br\/site\/wp-json\/wp\/v2\/comments?post=18511"}],"version-history":[{"count":0,"href":"https:\/\/sertsc.org.br\/site\/wp-json\/wp\/v2\/posts\/18511\/revisions"}],"wp:featuredmedia":[{"embeddable":true,"href":"https:\/\/sertsc.org.br\/site\/wp-json\/"}],"wp:attachment":[{"href":"https:\/\/sertsc.org.br\/site\/wp-json\/wp\/v2\/media?parent=18511"}],"wp:term":[{"taxonomy":"category","embeddable":true,"href":"https:\/\/sertsc.org.br\/site\/wp-json\/wp\/v2\/categories?post=18511"},{"taxonomy":"post_tag","embeddable":true,"href":"https:\/\/sertsc.org.br\/site\/wp-json\/wp\/v2\/tags?post=18511"}],"curies":[{"name":"wp","href":"https:\/\/api.w.org\/{rel}","templated":true}]}}