{"id":18508,"date":"2022-09-29T14:40:30","date_gmt":"2022-09-29T17:40:30","guid":{"rendered":"https:\/\/www.sertsc.org.br\/site\/?p=18508"},"modified":"2022-09-29T14:40:30","modified_gmt":"2022-09-29T17:40:30","slug":"kantar-ibope-media-realiza-nesta-sexta-feira-30-um-webinar-especial-sobre-o-inside-radio-2022","status":"publish","type":"post","link":"https:\/\/sertsc.org.br\/site\/kantar-ibope-media-realiza-nesta-sexta-feira-30-um-webinar-especial-sobre-o-inside-radio-2022\/","title":{"rendered":"Kantar IBOPE Media realiza nesta sexta-feira (30) um webinar especial sobre o Inside Radio 2022"},"content":{"rendered":"<p>Na semana passada, em comemora\u00e7\u00e3o ao centen\u00e1rio do r\u00e1dio brasileiro e ao Dia Nacional do R\u00e1dio, a Kantar IBOPE Media lan\u00e7ou a mais nova edi\u00e7\u00e3o do Inside Radio. O estudo, que revelou dados importantes como o r\u00e1dio ser ouvido por 83% da popula\u00e7\u00e3o brasileira, considerando as 13 regi\u00f5es pesquisadas regularmente pela empresa, estar\u00e1 em debate nesta sexta-feira (30), em um webinar especial realizado pela Kantar. Em comunicado, a empresa afirmou que ir\u00e1 apresentar dados extras sobre o consumo de r\u00e1dio no Brasil.<\/p>\n<p>O webinar contar\u00e1 com as participa\u00e7\u00f5es de Giovana Alcantara (Diretora de Desenvolvimento de Neg\u00f3cios Regionais da Kantar IBOPE Media), Daniel Starck (diretor propriet\u00e1rio do tudoradio.com) e de Fernando Morgado (consultor e professor). Os oradores ir\u00e3o discutir as descobertas do estudo, este que &#8220;traz uma vis\u00e3o sobre como o consumo do meio segue s\u00f3lido, fluido entre devices, formas e formatos e as oportunidades para marcas se conectarem com seu p\u00fablico pelo \u00e1udio&#8221;, afirma a Kantar.<\/p>\n<p>\u201cAo longo de 100 anos de exist\u00eancia, o R\u00e1dio teve que se adaptar em diferentes momentos de sua hist\u00f3ria para se manter relevante, tanto em termos de conte\u00fado quanto de plataformas e formatos de m\u00eddia. E, como acontece com todos os meios de comunica\u00e7\u00e3o atualmente, o R\u00e1dio busca um modelo ideal para a realidade do digital, que apresenta uma nova configura\u00e7\u00e3o cross media, com m\u00faltiplos e convergentes pontos de contato e formatos diversos para engajar a audi\u00eancia. O R\u00e1dio segue forte, presente e essencial na vida dos brasileiros\u201d, afirma Giovana Alcantara.<\/p>\n<p>O webinar sobre a nova edi\u00e7\u00e3o do &#8220;Inside Radio: 100 anos em Evolu\u00e7\u00e3o! A Melodia dos Dados&#8221; est\u00e1 marcado para a pr\u00f3xima sexta-feira, dia 30, \u00e0s 10h00.<\/p>\n<p>2022 marca o centen\u00e1rio de uma mudan\u00e7a definitiva na hist\u00f3ria do \u00e1udio no Brasil. H\u00e1 100 anos, acontecia a primeira transmiss\u00e3o de R\u00e1dio no pa\u00eds.<\/p>\n<p>E, desde a R\u00e1dio Sociedade, primeira emissora do Brasil, at\u00e9 a consolida\u00e7\u00e3o dos podcasts, o R\u00e1dio, por meio do \u00e1udio, segue sendo um dos meios mais democr\u00e1ticos do pa\u00eds, com suas ondas alcan\u00e7ando at\u00e9 mesmo as regi\u00f5es mais remotas e, com as inova\u00e7\u00f5es e avan\u00e7os tecnol\u00f3gicos, podendo chegar a qualquer lugar de todo o mundo.<\/p>\n<p>Para comemorar esse centen\u00e1rio, apresentamos o Inside Radio 2022: A Melodia dos Dados. Nele, mostramos como o consumo do meio segue s\u00f3lido, fluido entre devices, formas e formatos e as oportunidades para marcas se conectarem com seu p\u00fablico pelo \u00e1udio.<\/p>\n<p>A melodia dos nossos dados parece deixar bem claro que o R\u00e1dio seguir\u00e1 se adaptando e, em reinven\u00e7\u00e3o, evoluindo junto com novas formas de consumo de m\u00eddia.<\/p>\n<p><img fetchpriority=\"high\" decoding=\"async\" class=\"wp-image-18509 aligncenter\" src=\"https:\/\/www.sertsc.org.br\/site\/wp-content\/uploads\/2022\/09\/Aniversario-Email-22-11-300x200.png\" alt=\"\" width=\"485\" height=\"323\" \/><\/p>\n<p>Fonte: Tudo R\u00e1dio.<\/p>\n<div class=\"sfsi_responsive_icons\" data-icon-width-type=\"Fully responsive\" data-icon-width-size=\"240\" data-edge-type=\"Round\" data-edge-radius=\"5\">\n<div class=\"sfsi_icons_container sfsi_responsive_without_counter_icons sfsi_medium_button_container sfsi_icons_container_box_fully_container \"><\/div>\n<\/div>\n","protected":false},"excerpt":{"rendered":"<p>Na semana passada, em comemora\u00e7\u00e3o ao centen\u00e1rio do r\u00e1dio brasileiro&hellip;<\/p>\n<p> <a class=\"more-link\" href=\"https:\/\/sertsc.org.br\/site\/kantar-ibope-media-realiza-nesta-sexta-feira-30-um-webinar-especial-sobre-o-inside-radio-2022\/\">Leia mais<\/a><\/p>\n","protected":false},"author":1,"featured_media":18509,"comment_status":"open","ping_status":"open","sticky":false,"template":"","format":"standard","meta":{"footnotes":""},"categories":[33,3],"tags":[],"class_list":{"0":"post-18508","1":"post","2":"type-post","3":"status-publish","4":"format-standard","5":"has-post-thumbnail","7":"category-destaques","8":"category-noticias"},"_links":{"self":[{"href":"https:\/\/sertsc.org.br\/site\/wp-json\/wp\/v2\/posts\/18508","targetHints":{"allow":["GET"]}}],"collection":[{"href":"https:\/\/sertsc.org.br\/site\/wp-json\/wp\/v2\/posts"}],"about":[{"href":"https:\/\/sertsc.org.br\/site\/wp-json\/wp\/v2\/types\/post"}],"author":[{"embeddable":true,"href":"https:\/\/sertsc.org.br\/site\/wp-json\/wp\/v2\/users\/1"}],"replies":[{"embeddable":true,"href":"https:\/\/sertsc.org.br\/site\/wp-json\/wp\/v2\/comments?post=18508"}],"version-history":[{"count":0,"href":"https:\/\/sertsc.org.br\/site\/wp-json\/wp\/v2\/posts\/18508\/revisions"}],"wp:featuredmedia":[{"embeddable":true,"href":"https:\/\/sertsc.org.br\/site\/wp-json\/"}],"wp:attachment":[{"href":"https:\/\/sertsc.org.br\/site\/wp-json\/wp\/v2\/media?parent=18508"}],"wp:term":[{"taxonomy":"category","embeddable":true,"href":"https:\/\/sertsc.org.br\/site\/wp-json\/wp\/v2\/categories?post=18508"},{"taxonomy":"post_tag","embeddable":true,"href":"https:\/\/sertsc.org.br\/site\/wp-json\/wp\/v2\/tags?post=18508"}],"curies":[{"name":"wp","href":"https:\/\/api.w.org\/{rel}","templated":true}]}}