{"id":18504,"date":"2022-09-27T14:10:48","date_gmt":"2022-09-27T17:10:48","guid":{"rendered":"https:\/\/www.sertsc.org.br\/site\/?p=18504"},"modified":"2022-09-27T14:10:48","modified_gmt":"2022-09-27T17:10:48","slug":"ministerio-das-comunicacoes-revoga-exigencia-de-seguro-garantia-para-parcelamento-de-outorga-da-radiodifusao","status":"publish","type":"post","link":"https:\/\/sertsc.org.br\/site\/ministerio-das-comunicacoes-revoga-exigencia-de-seguro-garantia-para-parcelamento-de-outorga-da-radiodifusao\/","title":{"rendered":"Minist\u00e9rio das Comunica\u00e7\u00f5es revoga exig\u00eancia de seguro-garantia para parcelamento de outorga da radiodifus\u00e3o"},"content":{"rendered":"<p>Minist\u00e9rio das Comunica\u00e7\u00f5es revoga exig\u00eancia de seguro-garantia para parcelamento de outorga da radiodifus\u00e3o<\/p>\n<p>O Minist\u00e9rio das Comunica\u00e7\u00f5es (MCom) publicou, nesta ter\u00e7a-feira (27), o Decreto n\u00ba 11.210\/22, que revogou os dispositivos que autorizavam o poder p\u00fablico a exigir a apresenta\u00e7\u00e3o de seguro-garantia nos casos de parcelamento do pre\u00e7o p\u00fablico da outorga decorrentes de processo de licita\u00e7\u00e3o, de altera\u00e7\u00e3o de caracter\u00edsticas t\u00e9cnicas e de migra\u00e7\u00e3o AM-FM. O MCom ainda publicar\u00e1 uma portaria regulamentando essas novas altera\u00e7\u00f5es, para colocar em pr\u00e1tica e analisar os pedidos de parcelamento.<\/p>\n<p>O decreto prev\u00ea que no saldo devedor do parcelamento, al\u00e9m da corre\u00e7\u00e3o monet\u00e1ria, tamb\u00e9m ser\u00e3o consideradas as penalidades de mora decorrentes de parcelas vencidas e n\u00e3o quitadas na data em que for efetuado o parcelamento. J\u00e1 na hip\u00f3tese de o pagamento do parcelamento mensal n\u00e3o ser efetuado, a penalidade de mora ser\u00e1 aplicada apenas em rela\u00e7\u00e3o \u00e0s parcelas vencidas.<\/p>\n<p>O MCom ainda publicar\u00e1 uma portaria regulamentando essas novas altera\u00e7\u00f5es, para colocar em pr\u00e1tica e analisar os pedidos de parcelamento. Vale lembrar que a exig\u00eancia de garantia j\u00e1 havia sido exclu\u00edda pela Lei n\u00ba 14.351\/22, publicada em maio deste ano.<\/p>\n<p>Em abril, o MCom publicou a Portaria n\u00ba 5254\/22, que disp\u00f5e sobre o parcelamento do pre\u00e7o p\u00fablico de outorga e define os crit\u00e9rios e prazos para envio dos pedidos pelos radiodifusores e o Decreto n\u00ba 10.804 sobre os crit\u00e9rios adotados para a concess\u00e3o de parcelamento do pre\u00e7o p\u00fablico da outorga para executar o servi\u00e7o de radiodifus\u00e3o.<\/p>\n<p>&nbsp;<\/p>\n<p><img fetchpriority=\"high\" decoding=\"async\" class=\"wp-image-18505 aligncenter\" src=\"https:\/\/www.sertsc.org.br\/site\/wp-content\/uploads\/2022\/09\/Aniversario-Email-22-2-2-300x200.png\" alt=\"\" width=\"497\" height=\"331\" \/><\/p>\n<p>Fonte: Tudo R\u00e1dio.<\/p>\n","protected":false},"excerpt":{"rendered":"<p>Minist\u00e9rio das Comunica\u00e7\u00f5es revoga exig\u00eancia de seguro-garantia para parcelamento de&hellip;<\/p>\n<p> <a class=\"more-link\" href=\"https:\/\/sertsc.org.br\/site\/ministerio-das-comunicacoes-revoga-exigencia-de-seguro-garantia-para-parcelamento-de-outorga-da-radiodifusao\/\">Leia mais<\/a><\/p>\n","protected":false},"author":1,"featured_media":18505,"comment_status":"open","ping_status":"open","sticky":false,"template":"","format":"standard","meta":{"footnotes":""},"categories":[33,3],"tags":[],"class_list":{"0":"post-18504","1":"post","2":"type-post","3":"status-publish","4":"format-standard","5":"has-post-thumbnail","7":"category-destaques","8":"category-noticias"},"_links":{"self":[{"href":"https:\/\/sertsc.org.br\/site\/wp-json\/wp\/v2\/posts\/18504","targetHints":{"allow":["GET"]}}],"collection":[{"href":"https:\/\/sertsc.org.br\/site\/wp-json\/wp\/v2\/posts"}],"about":[{"href":"https:\/\/sertsc.org.br\/site\/wp-json\/wp\/v2\/types\/post"}],"author":[{"embeddable":true,"href":"https:\/\/sertsc.org.br\/site\/wp-json\/wp\/v2\/users\/1"}],"replies":[{"embeddable":true,"href":"https:\/\/sertsc.org.br\/site\/wp-json\/wp\/v2\/comments?post=18504"}],"version-history":[{"count":0,"href":"https:\/\/sertsc.org.br\/site\/wp-json\/wp\/v2\/posts\/18504\/revisions"}],"wp:featuredmedia":[{"embeddable":true,"href":"https:\/\/sertsc.org.br\/site\/wp-json\/"}],"wp:attachment":[{"href":"https:\/\/sertsc.org.br\/site\/wp-json\/wp\/v2\/media?parent=18504"}],"wp:term":[{"taxonomy":"category","embeddable":true,"href":"https:\/\/sertsc.org.br\/site\/wp-json\/wp\/v2\/categories?post=18504"},{"taxonomy":"post_tag","embeddable":true,"href":"https:\/\/sertsc.org.br\/site\/wp-json\/wp\/v2\/tags?post=18504"}],"curies":[{"name":"wp","href":"https:\/\/api.w.org\/{rel}","templated":true}]}}