{"id":18482,"date":"2022-09-19T08:50:52","date_gmt":"2022-09-19T11:50:52","guid":{"rendered":"https:\/\/www.sertsc.org.br\/site\/?p=18482"},"modified":"2022-09-19T08:50:52","modified_gmt":"2022-09-19T11:50:52","slug":"conheca-os-finalistas-do-premio-fiesc-de-jornalismo-2022","status":"publish","type":"post","link":"https:\/\/sertsc.org.br\/site\/conheca-os-finalistas-do-premio-fiesc-de-jornalismo-2022\/","title":{"rendered":"Conhe\u00e7a os finalistas do Pr\u00eamio FIESC de Jornalismo 2022"},"content":{"rendered":"<p>Solenidade de premia\u00e7\u00e3o ser\u00e1 no dia 20 de outubro; reportagens classificadas na categoria Ouro recebem R$ 18 mil; a categoria Prata pagar\u00e1 R$ 10 mil e para a categoria Bronze a premia\u00e7\u00e3o ser\u00e1 de R$ 6 mil<\/p>\n<p>Florian\u00f3polis, 16.9.2022 &#8211; A Federa\u00e7\u00e3o das Ind\u00fastrias de Santa Catarina anunciou nesta sexta (16) os trabalhos finalistas do Pr\u00eamio FIESC de Jornalismo 2022, cuja solenidade de entrega ser\u00e1 no dia 20 de outubro. Ser\u00e3o premiados profissionais de Blumenau, Brusque, Florian\u00f3polis, Herval d\u2019Oeste e S\u00e3o Miguel do Oeste.<br \/>\nRealizado nas categorias \u00c1udio, Texto e V\u00eddeo, nesta edi\u00e7\u00e3o, o Pr\u00eamio FIESC de Jornalismo totalizou 90 inscri\u00e7\u00f5es. As reportagens classificadas na categoria Ouro recebem R$ 18 mil. A categoria Prata pagar\u00e1 R$ 10 mil e a categoria Bronze incidir\u00e1 em premia\u00e7\u00e3o de R$ 6 mil.<\/p>\n<p>Confira os trabalhos finalistas (listados em ordem alfab\u00e9tica):<\/p>\n<p>\u00c1udio<br \/>\nMarcos Andrei Meller &#8211; Responsabilidade Social: a ind\u00fastria a servi\u00e7o da comunidade &#8211; R\u00e1dio Peperi (S\u00e3o Miguel do Oeste)<br \/>\nMarcos Andrei Meller &#8211; Tamanho n\u00e3o \u00e9 documento: a for\u00e7a da pequena ind\u00fastria de SC &#8211; R\u00e1dio Peperi (S\u00e3o Miguel do Oeste)<br \/>\nOdinei Jos\u00e9 Gon\u00e7alves &#8211; Robotiza\u00e7\u00e3o: Otimizando o trabalho na Ind\u00fastria, trazendo qualidade de vida no campo &#8211; R\u00e1dio L\u00edder (Herval d&#8217;Oeste)<\/p>\n<p>Texto<br \/>\nB\u00e1rbara Sales e Bruno da Silva &#8211; A Chave do Sucesso &#8211; Jornal O Munic\u00edpio (Brusque)<br \/>\nPaulo S\u00e9rgio Souza Rolemberg, Felipe Alves, L\u00e9o Munhoz, Gil Jesus da Silva &#8211; Madeira &#8220;made in&#8221; Santa Catarina &#8211; Jornal Not\u00edcias do Dia (Florian\u00f3polis)<br \/>\nSara Caprario e Marlon Aseff &#8211; Ber\u00e7o da Inova\u00e7\u00e3o &#8211; Revista Empreendedor (Florian\u00f3polis)<\/p>\n<p>V\u00eddeo<br \/>\nLuan Vosnhak, Jayder Lemos, Helena Gon\u00e7alves, Caroline Machado de Oliveira e Luis Gustavo Debiasi &#8211; S\u00e9rie 5G: a tecnologia do futuro &#8211; os impactos na ind\u00fastria &#8211; NDTV | Record TV (Florian\u00f3polis)<br \/>\nPaulo Mueller, Carolina Castro, Jayder Lemos, Andr\u00e9 Viero e Raffael Righez &#8211; Metaverso e a Ind\u00fastria &#8211; NDTV | Record TV (Florian\u00f3polis)<br \/>\nPedro Machado, Jean Mazzonetto e Viviane Pasta &#8211; Os segredos das ind\u00fastrias centen\u00e1rias &#8211; NSC TV \u2013 (Blumenau)<\/p>\n<p>O Pr\u00eamio FIESC de Jornalismo tem a correaliza\u00e7\u00e3o de SESI e de SENAI, a parceria com a Associa\u00e7\u00e3o Catarinense de Imprensa (ACI) e apoio do Sindicato dos Jornalistas de Santa Catarina (SJSC), Associa\u00e7\u00e3o Catarinense de R\u00e1dio e TV (Acaert), Associa\u00e7\u00e3o dos Di\u00e1rios do Interior (ADI-SC), Associa\u00e7\u00e3o dos Jornais do Interior de Santa Catarina (ADJORI-SC), do Sindicato das Empresas Propriet\u00e1rias de Jornais e Revistas de SC (Sindejor) e do Sindicato das Emissoras de R\u00e1dio e Televis\u00e3o (SERT-SC).<\/p>\n<p><img fetchpriority=\"high\" decoding=\"async\" class=\"wp-image-18483 aligncenter\" src=\"https:\/\/www.sertsc.org.br\/site\/wp-content\/uploads\/2022\/09\/Aniversario-Email-22-9-300x200.png\" alt=\"\" width=\"494\" height=\"329\" \/><\/p>\n<p>Fonte: FIESC<\/p>\n","protected":false},"excerpt":{"rendered":"<p>Solenidade de premia\u00e7\u00e3o ser\u00e1 no dia 20 de outubro; reportagens&hellip;<\/p>\n<p> <a class=\"more-link\" href=\"https:\/\/sertsc.org.br\/site\/conheca-os-finalistas-do-premio-fiesc-de-jornalismo-2022\/\">Leia mais<\/a><\/p>\n","protected":false},"author":1,"featured_media":18483,"comment_status":"open","ping_status":"open","sticky":false,"template":"","format":"standard","meta":{"footnotes":""},"categories":[33,3],"tags":[],"class_list":{"0":"post-18482","1":"post","2":"type-post","3":"status-publish","4":"format-standard","5":"has-post-thumbnail","7":"category-destaques","8":"category-noticias"},"_links":{"self":[{"href":"https:\/\/sertsc.org.br\/site\/wp-json\/wp\/v2\/posts\/18482","targetHints":{"allow":["GET"]}}],"collection":[{"href":"https:\/\/sertsc.org.br\/site\/wp-json\/wp\/v2\/posts"}],"about":[{"href":"https:\/\/sertsc.org.br\/site\/wp-json\/wp\/v2\/types\/post"}],"author":[{"embeddable":true,"href":"https:\/\/sertsc.org.br\/site\/wp-json\/wp\/v2\/users\/1"}],"replies":[{"embeddable":true,"href":"https:\/\/sertsc.org.br\/site\/wp-json\/wp\/v2\/comments?post=18482"}],"version-history":[{"count":0,"href":"https:\/\/sertsc.org.br\/site\/wp-json\/wp\/v2\/posts\/18482\/revisions"}],"wp:featuredmedia":[{"embeddable":true,"href":"https:\/\/sertsc.org.br\/site\/wp-json\/"}],"wp:attachment":[{"href":"https:\/\/sertsc.org.br\/site\/wp-json\/wp\/v2\/media?parent=18482"}],"wp:term":[{"taxonomy":"category","embeddable":true,"href":"https:\/\/sertsc.org.br\/site\/wp-json\/wp\/v2\/categories?post=18482"},{"taxonomy":"post_tag","embeddable":true,"href":"https:\/\/sertsc.org.br\/site\/wp-json\/wp\/v2\/tags?post=18482"}],"curies":[{"name":"wp","href":"https:\/\/api.w.org\/{rel}","templated":true}]}}