{"id":18476,"date":"2022-09-19T08:33:30","date_gmt":"2022-09-19T11:33:30","guid":{"rendered":"https:\/\/www.sertsc.org.br\/site\/?p=18476"},"modified":"2022-09-19T08:33:30","modified_gmt":"2022-09-19T11:33:30","slug":"acaert-promove-exposicao-radio-em-movimento-nas-escolas-em-comemoracao-aos-100-anos-do-radio-no-brasil","status":"publish","type":"post","link":"https:\/\/sertsc.org.br\/site\/acaert-promove-exposicao-radio-em-movimento-nas-escolas-em-comemoracao-aos-100-anos-do-radio-no-brasil\/","title":{"rendered":"ACAERT promove exposi\u00e7\u00e3o \u201cR\u00e1dio em Movimento\u201d nas escolas em comemora\u00e7\u00e3o aos 100 anos do R\u00e1dio no Brasil"},"content":{"rendered":"<p>No primeiro roteiro, entidade esteve em Chapec\u00f3, Ca\u00e7ador, Lages e Crici\u00fama<\/p>\n<p>Como parte das comemora\u00e7\u00f5es dos 100 anos do R\u00e1dio no Brasil, a ACAERT promove neste m\u00eas de setembro a exposi\u00e7\u00e3o itinerante \u201cR\u00e1dio em Movimento\u201d em munic\u00edpios das oito regionais da entidade no estado. Est\u00e3o sendo expostas r\u00e9plicas de aparelhos antigos, estilo \u201ccapelinha\u201d, que tiveram a interven\u00e7\u00e3o art\u00edstica de Luciano Martins, Caio Borges e Xico Bracht. Os aparelhos foram enviados pela ABERT, que est\u00e1 promovendo atividade nacional para comemorar o centen\u00e1rio do r\u00e1dio.<\/p>\n<p>A a\u00e7\u00e3o est\u00e1 sendo promovida em escolas e envolve crian\u00e7as de 8 a 12 anos, que s\u00e3o convidadas a pintarem um desenho do mesmo aparelho de r\u00e1dio. Os autores das melhores pinturas recebem diploma e um brinde da ACAERT. A iniciativa antecede a Semana Estadual do R\u00e1dio, que ter\u00e1 outras atividades em escolas de 25 de setembro a 1\u00ba de outubro. A exposi\u00e7\u00e3o j\u00e1 passou por Chapec\u00f3, Ca\u00e7ador, Lages e Crici\u00fama. Na pr\u00f3xima semana, estar\u00e1 em Joinville, S\u00e3o Bento do Sul, Blumenau e Florian\u00f3polis.<\/p>\n<p>CHAPEC\u00d3 &#8211; Participaram da a\u00e7\u00e3o o vice-presidente de Normas e T\u00e9cnicas da ACAERT, Rodrigo Nardino, o vice-presidente Regional Oeste, F\u00e1bio Bigolin, al\u00e9m de radiodifusores da sexta Regi\u00e3o. O artista Xico Bracht, que \u00e9 de Chapec\u00f3, tamb\u00e9m prestigiou o evento.<\/p>\n<p>CA\u00c7ADOR &#8211; Participaram da a\u00e7\u00e3o a vice-presidente Regional do Meio Oeste da ACAERT, Neliege Pagnussat Souza e a vice-presidente Adjunta, Marilene Caregnato. No evento, os locutores da RBV R\u00e1dios interagiram com a gurizada e o locutor Andr\u00e9 Alves, da R\u00e1dio Ca\u00e7anjur\u00ea, falou ao vivo do est\u00fadio com os alunos.<\/p>\n<p>LAGES &#8211; Participaram o vice-presidente Regional do Planalto Serrano, Celeste Basquerote e v\u00e1rios profissionais da R\u00e1dio Clube, entre eles, o comendador ACAERT, Maneca, que tem 73 anos de r\u00e1dio, apresentando o mesmo programa, o \u201cAlma Cabocla\u201d. A emissora chegou, inclusive, a apresentar o programa \u201cClube Comunidade\u201d, com Adilson Oliveira, ao vivo da escola.<\/p>\n<p>AGENDA:<\/p>\n<p>Setembro<\/p>\n<p>Dia 19 \u2013 Joinville<br \/>\n9 horas &#8211; Escola Municipal Lacy Flores<\/p>\n<p>Dia 20 \u2013 S\u00e3o Bento do Sul<br \/>\n8h45 &#8211; Col\u00e9gio Froebel<\/p>\n<p>Dia 21 \u2013 Blumenau<br \/>\n8h00 &#8211; Escola Bar\u00e3o do Rio Branco<\/p>\n<p>Dia 22 &#8211; Florian\u00f3polis<br \/>\n10 horas &#8211; Escola Municipal Osmar Cunha<\/p>\n<p><img fetchpriority=\"high\" decoding=\"async\" class=\"wp-image-18477 aligncenter\" src=\"https:\/\/www.sertsc.org.br\/site\/wp-content\/uploads\/2022\/09\/5de6d2dda67ff-300x200.png\" alt=\"\" width=\"512\" height=\"341\" \/><\/p>\n<p>Fonte: ACAERT<\/p>\n","protected":false},"excerpt":{"rendered":"<p>No primeiro roteiro, entidade esteve em Chapec\u00f3, Ca\u00e7ador, Lages e&hellip;<\/p>\n<p> <a class=\"more-link\" href=\"https:\/\/sertsc.org.br\/site\/acaert-promove-exposicao-radio-em-movimento-nas-escolas-em-comemoracao-aos-100-anos-do-radio-no-brasil\/\">Leia mais<\/a><\/p>\n","protected":false},"author":1,"featured_media":18477,"comment_status":"open","ping_status":"open","sticky":false,"template":"","format":"standard","meta":{"footnotes":""},"categories":[33,3],"tags":[],"class_list":{"0":"post-18476","1":"post","2":"type-post","3":"status-publish","4":"format-standard","5":"has-post-thumbnail","7":"category-destaques","8":"category-noticias"},"_links":{"self":[{"href":"https:\/\/sertsc.org.br\/site\/wp-json\/wp\/v2\/posts\/18476","targetHints":{"allow":["GET"]}}],"collection":[{"href":"https:\/\/sertsc.org.br\/site\/wp-json\/wp\/v2\/posts"}],"about":[{"href":"https:\/\/sertsc.org.br\/site\/wp-json\/wp\/v2\/types\/post"}],"author":[{"embeddable":true,"href":"https:\/\/sertsc.org.br\/site\/wp-json\/wp\/v2\/users\/1"}],"replies":[{"embeddable":true,"href":"https:\/\/sertsc.org.br\/site\/wp-json\/wp\/v2\/comments?post=18476"}],"version-history":[{"count":0,"href":"https:\/\/sertsc.org.br\/site\/wp-json\/wp\/v2\/posts\/18476\/revisions"}],"wp:featuredmedia":[{"embeddable":true,"href":"https:\/\/sertsc.org.br\/site\/wp-json\/"}],"wp:attachment":[{"href":"https:\/\/sertsc.org.br\/site\/wp-json\/wp\/v2\/media?parent=18476"}],"wp:term":[{"taxonomy":"category","embeddable":true,"href":"https:\/\/sertsc.org.br\/site\/wp-json\/wp\/v2\/categories?post=18476"},{"taxonomy":"post_tag","embeddable":true,"href":"https:\/\/sertsc.org.br\/site\/wp-json\/wp\/v2\/tags?post=18476"}],"curies":[{"name":"wp","href":"https:\/\/api.w.org\/{rel}","templated":true}]}}