{"id":18473,"date":"2022-09-14T16:38:34","date_gmt":"2022-09-14T19:38:34","guid":{"rendered":"https:\/\/www.sertsc.org.br\/site\/?p=18473"},"modified":"2022-09-14T16:38:34","modified_gmt":"2022-09-14T19:38:34","slug":"5g-mais-7-capitais-podem-ativar-a-tecnologia","status":"publish","type":"post","link":"https:\/\/sertsc.org.br\/site\/5g-mais-7-capitais-podem-ativar-a-tecnologia\/","title":{"rendered":"5G: Mais 7 capitais podem ativar a tecnologia"},"content":{"rendered":"<p>O 5G estar\u00e1 dispon\u00edvel em Aracaju, Boa Vista, Campo Grande, Cuiab\u00e1, Macei\u00f3, S\u00e3o Lu\u00eds e Teresina a partir de segunda (19)<br \/>\nDando continuidade \u00e0 ativa\u00e7\u00e3o da tecnologia de quinta gera\u00e7\u00e3o (5G), na pr\u00f3xima segunda-feira (19), as prestadoras que adquiriram a faixa de 3,5 GHz est\u00e3o autorizadas a ativar as esta\u00e7\u00f5es com a tecnologia. Ser\u00e3o beneficiadas as cidades de Aracaju (SE), Boa Vista (RR), Campo Grande (MS), Cuiab\u00e1 (MT), Macei\u00f3 (AL), S\u00e3o Lu\u00eds (MA) e Teresina (PI). A decis\u00e3o foi tomada nesta quarta-feira (14), pelo Grupo de Acompanhamento da Implanta\u00e7\u00e3o das Solu\u00e7\u00f5es para os Problemas de Interfer\u00eancia na faixa de 3.625 a 3.700 MHz (Gaispi).<\/p>\n<p>J\u00e1 possuem esta\u00e7\u00f5es de 5G em opera\u00e7\u00e3o as cidades de Bras\u00edlia, Belo Horizonte, Curitiba, Fortaleza, Florian\u00f3polis, Goi\u00e2nia, Jo\u00e3o Pessoa, Natal, Palmas, Porto Alegre, Recife, Rio de Janeiro, Salvador, S\u00e3o Paulo e Vit\u00f3ria. A faixa de 3,5 GHz \u00e9 a que garante as melhores potencialidades do 5G.<\/p>\n<p>O Conselho Diretor da Anatel j\u00e1 havia aprovado, em 18 de agosto, a posterga\u00e7\u00e3o da data de libera\u00e7\u00e3o do uso do 5G na faixa de 3,5 GHz para 28 de outubro nas demais capitais, conforme sugest\u00e3o do Gaispi, com base em informa\u00e7\u00f5es da Entidade Administradora da Faixa (EAF).<\/p>\n<p>A medida foi necess\u00e1ria para permitir a conclus\u00e3o das a\u00e7\u00f5es de desocupa\u00e7\u00e3o da faixa e mitiga\u00e7\u00e3o de eventuais interfer\u00eancias na recep\u00e7\u00e3o das esta\u00e7\u00f5es do Servi\u00e7o Fixo por Sat\u00e9lite (FSS). Permanece a possibilidade de antecipa\u00e7\u00e3o por decis\u00e3o do Gaispi, mesmo nessas cidades, desde que adotadas as medidas necess\u00e1rias por parte da EAF.<\/p>\n<p>Quem recebe as transmiss\u00f5es da TV Aberta pela antena parab\u00f3lica precisa adaptar o equipamento para evitar eventuais interfer\u00eancias. Inscritos no Cadastro \u00danico para Programas Sociais do Governo Federal (Cad\u00danico) que recebem sinal da TV aberta por parab\u00f3lica podem solicitar o kit gratuito para a adapta\u00e7\u00e3o do equipamento \u00e0 Siga Antenado, nome fantasia da EAF.<\/p>\n<p>\u00c9 necess\u00e1rio realizar agendamento para a instala\u00e7\u00e3o dos novos equipamentos.<\/p>\n<p>Mais informa\u00e7\u00f5es est\u00e3o dispon\u00edveis no site da Siga Antenado.<br \/>\nTamb\u00e9m est\u00e1 dispon\u00edvel o telefone 0800-729-2404.<\/p>\n<p><img fetchpriority=\"high\" decoding=\"async\" class=\"wp-image-18474 aligncenter\" src=\"https:\/\/www.sertsc.org.br\/site\/wp-content\/uploads\/2022\/09\/Aniversario-Email-22-7-300x200.png\" alt=\"\" width=\"491\" height=\"327\" \/><\/p>\n<p>Fonte: Abratel<\/p>\n","protected":false},"excerpt":{"rendered":"<p>O 5G estar\u00e1 dispon\u00edvel em Aracaju, Boa Vista, Campo Grande,&hellip;<\/p>\n<p> <a class=\"more-link\" href=\"https:\/\/sertsc.org.br\/site\/5g-mais-7-capitais-podem-ativar-a-tecnologia\/\">Leia mais<\/a><\/p>\n","protected":false},"author":1,"featured_media":18474,"comment_status":"open","ping_status":"open","sticky":false,"template":"","format":"standard","meta":{"footnotes":""},"categories":[33,3],"tags":[],"class_list":{"0":"post-18473","1":"post","2":"type-post","3":"status-publish","4":"format-standard","5":"has-post-thumbnail","7":"category-destaques","8":"category-noticias"},"_links":{"self":[{"href":"https:\/\/sertsc.org.br\/site\/wp-json\/wp\/v2\/posts\/18473","targetHints":{"allow":["GET"]}}],"collection":[{"href":"https:\/\/sertsc.org.br\/site\/wp-json\/wp\/v2\/posts"}],"about":[{"href":"https:\/\/sertsc.org.br\/site\/wp-json\/wp\/v2\/types\/post"}],"author":[{"embeddable":true,"href":"https:\/\/sertsc.org.br\/site\/wp-json\/wp\/v2\/users\/1"}],"replies":[{"embeddable":true,"href":"https:\/\/sertsc.org.br\/site\/wp-json\/wp\/v2\/comments?post=18473"}],"version-history":[{"count":0,"href":"https:\/\/sertsc.org.br\/site\/wp-json\/wp\/v2\/posts\/18473\/revisions"}],"wp:featuredmedia":[{"embeddable":true,"href":"https:\/\/sertsc.org.br\/site\/wp-json\/"}],"wp:attachment":[{"href":"https:\/\/sertsc.org.br\/site\/wp-json\/wp\/v2\/media?parent=18473"}],"wp:term":[{"taxonomy":"category","embeddable":true,"href":"https:\/\/sertsc.org.br\/site\/wp-json\/wp\/v2\/categories?post=18473"},{"taxonomy":"post_tag","embeddable":true,"href":"https:\/\/sertsc.org.br\/site\/wp-json\/wp\/v2\/tags?post=18473"}],"curies":[{"name":"wp","href":"https:\/\/api.w.org\/{rel}","templated":true}]}}