{"id":18469,"date":"2022-09-13T09:32:37","date_gmt":"2022-09-13T12:32:37","guid":{"rendered":"https:\/\/www.sertsc.org.br\/site\/?p=18469"},"modified":"2022-09-13T09:32:37","modified_gmt":"2022-09-13T12:32:37","slug":"nab-show-de-nova-york-contara-com-ampla-programacao-sobre-radio","status":"publish","type":"post","link":"https:\/\/sertsc.org.br\/site\/nab-show-de-nova-york-contara-com-ampla-programacao-sobre-radio\/","title":{"rendered":"NAB Show de Nova York contar\u00e1 com ampla programa\u00e7\u00e3o sobre r\u00e1dio"},"content":{"rendered":"<p>Como j\u00e1 era de costume no per\u00edodo pr\u00e9-pandemia da covid-19, o NAB Show Nova York ser\u00e1 realizado no m\u00eas de outubro e leva para a maior cidade norte-americana uma sequ\u00eancia atualizada das discuss\u00f5es ocorridas durante o NAB Show 2022 de Las Vegas, realizado em abril passado. Esse padr\u00e3o, de dois eventos por ano, era algo comum no calend\u00e1rio da radiodifus\u00e3o dos Estados Unidos. A novidade agora \u00e9 a sequ\u00eancia da evolu\u00e7\u00e3o da presen\u00e7a do r\u00e1dio nos eventos da NAB, ou seja, o ve\u00edculo ter\u00e1 um espa\u00e7o especial em Nova York.<\/p>\n<p>Antes, executivos da ind\u00fastria de r\u00e1dio circulavam anualmente pelos Estados Unidos para acompanhar o Radio Show, evento itinerante totalmente dedicado ao ve\u00edculo. A partir de 2021 isso mudou, com essa programa\u00e7\u00e3o acontecendo de forma co-localizada com o NAB Show de Las Vegas, um dos maiores eventos do setor de radiodifus\u00e3o e tecnologia no planeta. E o segundo semestre de cada ano tamb\u00e9m contar\u00e1 com discuss\u00f5es sobre r\u00e1dio, atrav\u00e9s de uma extens\u00e3o do NAB Show de Nova York, marcado para os dias 19 e 20 de outubro.<\/p>\n<p>Segundo uma reportagem do portal especializado Inside Radio, uma executiva da NAB informou que o foi positivo o feedback sobre a integra\u00e7\u00e3o do Radio Show ao NAB Show de Las Vegas e que isso motivou a associa\u00e7\u00e3o a organizar uma experi\u00eancia similar na programa\u00e7\u00e3o destinada \u00e0 Nova York, que \u00e9 respons\u00e1vel por cobrir a agenda do segundo semestre.<\/p>\n<p>Assuntos como a presen\u00e7a do carro nos autom\u00f3veis, maior conectividade e uso de novas tecnologias, programa\u00e7\u00e3o de r\u00e1dio, entre outros temas, estar\u00e3o na programa\u00e7\u00e3o destinada \u00e0 Nova York. No primeiro dia, 19, acontecer\u00e1 o Semin\u00e1rio Executivo Radio Insights, destinada aos executivos da ind\u00fastria. J\u00e1 o segundo dia, 20, a grade Radio Reimagined (&#8220;R\u00e1dio Reimaginada&#8221;) \u00e9 para programadores.<\/p>\n<p>O Radio Reimagined ser\u00e1 direcionado para criadores de conte\u00fado, onde a programa\u00e7\u00e3o vai explorar os avan\u00e7os na programa\u00e7\u00e3o, uso de intelig\u00eancia artificial e como alavancar as mais recentes ferramentas de produ\u00e7\u00e3o e monetiza\u00e7\u00e3o de podcasting. A reportagem do Inside Radio indica que especialistas digitais, consultores de programa\u00e7\u00e3o e executivos de ag\u00eancias de publicidade de Nova York &#8220;se concentrar\u00e3o em estrat\u00e9gias para gerar mais receita e p\u00fablicos maiores&#8221;, define o texto.<\/p>\n<p>Antes, o Semin\u00e1rio Executivo de Insights de R\u00e1dio, realizado no dia 19, se concentrar\u00e1 na constru\u00e7\u00e3o de lideran\u00e7a, insights de audi\u00eancia e an\u00e1lise do setor de m\u00eddia. \u201cO programa apresenta os principais l\u00edderes do setor compartilhando seus pensamentos sobre nossos neg\u00f3cios com \u00eanfase adicional em dados e an\u00e1lises\u201d, explica April Carty-Sipp, vice-presidente executiva de assuntos industriais da NAB, em entrevista ao Inside Radio.<\/p>\n<p>Espa\u00e7os destinados exclusivamente ao r\u00e1dio em grandes eventos de neg\u00f3cios em tecnologia e comunica\u00e7\u00e3o s\u00e3o uma tend\u00eancia que j\u00e1 era observado no per\u00edodo pr\u00e9-pandemia da covid-19, mas que ampliou a sua import\u00e2ncia a partir do retorno dos eventos presenciais. O pr\u00f3prio SET Expo 2022, realizado em agosto passado na capital paulista, destinou a principal sala de confer\u00eancias do evento para o r\u00e1dio, em grade realizada no \u00faltimo dia 25.<\/p>\n<p><img fetchpriority=\"high\" decoding=\"async\" class=\"wp-image-18470 aligncenter\" src=\"https:\/\/www.sertsc.org.br\/site\/wp-content\/uploads\/2022\/09\/Aniversario-Email-22-5-1-300x200.png\" alt=\"\" width=\"488\" height=\"325\" \/><\/p>\n<p>Fonte: Tudo R\u00e1dio.<\/p>\n","protected":false},"excerpt":{"rendered":"<p>Como j\u00e1 era de costume no per\u00edodo pr\u00e9-pandemia da covid-19,&hellip;<\/p>\n<p> <a class=\"more-link\" href=\"https:\/\/sertsc.org.br\/site\/nab-show-de-nova-york-contara-com-ampla-programacao-sobre-radio\/\">Leia mais<\/a><\/p>\n","protected":false},"author":1,"featured_media":18470,"comment_status":"open","ping_status":"open","sticky":false,"template":"","format":"standard","meta":{"footnotes":""},"categories":[33,3],"tags":[],"class_list":{"0":"post-18469","1":"post","2":"type-post","3":"status-publish","4":"format-standard","5":"has-post-thumbnail","7":"category-destaques","8":"category-noticias"},"_links":{"self":[{"href":"https:\/\/sertsc.org.br\/site\/wp-json\/wp\/v2\/posts\/18469","targetHints":{"allow":["GET"]}}],"collection":[{"href":"https:\/\/sertsc.org.br\/site\/wp-json\/wp\/v2\/posts"}],"about":[{"href":"https:\/\/sertsc.org.br\/site\/wp-json\/wp\/v2\/types\/post"}],"author":[{"embeddable":true,"href":"https:\/\/sertsc.org.br\/site\/wp-json\/wp\/v2\/users\/1"}],"replies":[{"embeddable":true,"href":"https:\/\/sertsc.org.br\/site\/wp-json\/wp\/v2\/comments?post=18469"}],"version-history":[{"count":0,"href":"https:\/\/sertsc.org.br\/site\/wp-json\/wp\/v2\/posts\/18469\/revisions"}],"wp:featuredmedia":[{"embeddable":true,"href":"https:\/\/sertsc.org.br\/site\/wp-json\/"}],"wp:attachment":[{"href":"https:\/\/sertsc.org.br\/site\/wp-json\/wp\/v2\/media?parent=18469"}],"wp:term":[{"taxonomy":"category","embeddable":true,"href":"https:\/\/sertsc.org.br\/site\/wp-json\/wp\/v2\/categories?post=18469"},{"taxonomy":"post_tag","embeddable":true,"href":"https:\/\/sertsc.org.br\/site\/wp-json\/wp\/v2\/tags?post=18469"}],"curies":[{"name":"wp","href":"https:\/\/api.w.org\/{rel}","templated":true}]}}