{"id":18463,"date":"2022-09-13T09:20:27","date_gmt":"2022-09-13T12:20:27","guid":{"rendered":"https:\/\/www.sertsc.org.br\/site\/?p=18463"},"modified":"2022-09-13T09:20:27","modified_gmt":"2022-09-13T12:20:27","slug":"kantar-ibope-media-amplia-a-solucao-extended-radio-com-alcance-estendido","status":"publish","type":"post","link":"https:\/\/sertsc.org.br\/site\/kantar-ibope-media-amplia-a-solucao-extended-radio-com-alcance-estendido\/","title":{"rendered":"Kantar IBOPE Media amplia a solu\u00e7\u00e3o Extended Radio com Alcance Estendido"},"content":{"rendered":"<p>A Kantar IBOPE Media anunciou que est\u00e1 enriquecendo a solu\u00e7\u00e3o Extended Radio com Alcance Estendido. A partir de agora, o sistema contar\u00e1 tamb\u00e9m com o total da audi\u00eancia, sem sobreposi\u00e7\u00e3o e com o alcance estendido. Lan\u00e7ado em meados do ano passado, a plataforma conta com uma interface simples e online que possibilitar\u00e1 a an\u00e1lise de dados de consumo tradicional e digital das emissoras e a visualiza\u00e7\u00e3o do n\u00famero total de ouvintes e do tempo m\u00e9dio de consumo por faixas hor\u00e1rias, al\u00e9m de avaliar o desempenho da concorr\u00eancia.<\/p>\n<p>A plataforma Extended Radio apresenta os dados de consumo do AM\/FM, al\u00e9m dos streamings das emissoras, permitindo a avalia\u00e7\u00e3o de desempenho em ambos os formatos. Antes, a m\u00e9trica online das r\u00e1dios era feita pela leitura lado a lado dos dados AM\/FM e streaming.<\/p>\n<p>A partir de agora, a Kantar IBOPE Media, por meio da plataforma Extended Radio, passa a oferecer, tamb\u00e9m, o total da audi\u00eancia, sem sobreposi\u00e7\u00e3o e com o alcance estendido. Nesta primeira fase, a nova m\u00e9trica estar\u00e1 dispon\u00edvel no ranking nacional e nos dados mensais. J\u00e1 a partir de outubro, entram os demais totais por dia da semana e por faixa hor\u00e1ria.<\/p>\n<p>O Extended Radio tamb\u00e9m oferece acesso ao total de ouvintes e ao tempo m\u00e9dio de consumo por faixas hor\u00e1rias, semanal e mensalmente, em uma abrang\u00eancia nacional de emissoras assinantes do estudo. \u201cTemos o compromisso em apresentar evolu\u00e7\u00f5es de produtos sempre atentos \u00e0s necessidades do mercado. Dessa forma, trabalhamos na equaliza\u00e7\u00e3o dos dados consumidos de \u00e1udio terrestre e digital para permitir a compara\u00e7\u00e3o direta entre estes dois formatos, e tamb\u00e9m de forma integrada e sem a duplica\u00e7\u00e3o de consumo\u201d, afirma Giovana Alc\u00e2ntara, diretora de desenvolvimento regional da Kantar IBOPE Media.<\/p>\n<p>A diretora tamb\u00e9m ressaltou o foco da empresa na entrega das mais variadas formas de consumo do meio. \u201cAl\u00e9m disso, estamos focados no desenvolvimento de novas entregas que garantir\u00e3o an\u00e1lises mais segmentadas do consumo de \u00e1udio\u201d, complementou Giovana Alc\u00e2ntara.<\/p>\n<p><img fetchpriority=\"high\" decoding=\"async\" class=\"wp-image-18464 aligncenter\" src=\"https:\/\/www.sertsc.org.br\/site\/wp-content\/uploads\/2022\/09\/Aniversario-Email-22-3-300x200.png\" alt=\"\" width=\"525\" height=\"350\" \/><\/p>\n<p>Fonte: Tudo R\u00e1dio.<\/p>\n","protected":false},"excerpt":{"rendered":"<p>A Kantar IBOPE Media anunciou que est\u00e1 enriquecendo a solu\u00e7\u00e3o&hellip;<\/p>\n<p> <a class=\"more-link\" href=\"https:\/\/sertsc.org.br\/site\/kantar-ibope-media-amplia-a-solucao-extended-radio-com-alcance-estendido\/\">Leia mais<\/a><\/p>\n","protected":false},"author":1,"featured_media":18464,"comment_status":"open","ping_status":"open","sticky":false,"template":"","format":"standard","meta":{"footnotes":""},"categories":[33,3],"tags":[],"class_list":{"0":"post-18463","1":"post","2":"type-post","3":"status-publish","4":"format-standard","5":"has-post-thumbnail","7":"category-destaques","8":"category-noticias"},"_links":{"self":[{"href":"https:\/\/sertsc.org.br\/site\/wp-json\/wp\/v2\/posts\/18463","targetHints":{"allow":["GET"]}}],"collection":[{"href":"https:\/\/sertsc.org.br\/site\/wp-json\/wp\/v2\/posts"}],"about":[{"href":"https:\/\/sertsc.org.br\/site\/wp-json\/wp\/v2\/types\/post"}],"author":[{"embeddable":true,"href":"https:\/\/sertsc.org.br\/site\/wp-json\/wp\/v2\/users\/1"}],"replies":[{"embeddable":true,"href":"https:\/\/sertsc.org.br\/site\/wp-json\/wp\/v2\/comments?post=18463"}],"version-history":[{"count":0,"href":"https:\/\/sertsc.org.br\/site\/wp-json\/wp\/v2\/posts\/18463\/revisions"}],"wp:featuredmedia":[{"embeddable":true,"href":"https:\/\/sertsc.org.br\/site\/wp-json\/"}],"wp:attachment":[{"href":"https:\/\/sertsc.org.br\/site\/wp-json\/wp\/v2\/media?parent=18463"}],"wp:term":[{"taxonomy":"category","embeddable":true,"href":"https:\/\/sertsc.org.br\/site\/wp-json\/wp\/v2\/categories?post=18463"},{"taxonomy":"post_tag","embeddable":true,"href":"https:\/\/sertsc.org.br\/site\/wp-json\/wp\/v2\/tags?post=18463"}],"curies":[{"name":"wp","href":"https:\/\/api.w.org\/{rel}","templated":true}]}}