{"id":18446,"date":"2022-09-01T09:18:45","date_gmt":"2022-09-01T12:18:45","guid":{"rendered":"https:\/\/www.sertsc.org.br\/site\/?p=18446"},"modified":"2022-09-01T09:18:45","modified_gmt":"2022-09-01T12:18:45","slug":"dia-nacional-do-radio-e-tema-de-consulta-publica","status":"publish","type":"post","link":"https:\/\/sertsc.org.br\/site\/dia-nacional-do-radio-e-tema-de-consulta-publica\/","title":{"rendered":"Dia Nacional do R\u00e1dio \u00e9 tema de consulta p\u00fablica"},"content":{"rendered":"<p>O Minist\u00e9rio das Comunica\u00e7\u00f5es em comemora\u00e7\u00e3o ao centen\u00e1rio do R\u00e1dio no Brasil publicou, nesta quarta-feira (31), o aviso de Consulta P\u00fablica n\u00ba 8\/22 pela institui\u00e7\u00e3o do Dia Nacional do R\u00e1dio, celebrado no dia 25 de setembro. A data, embora j\u00e1 \u00e9 conhecida pela comemora\u00e7\u00e3o do r\u00e1dio, ainda n\u00e3o foi reconhecida por lei. As contribui\u00e7\u00f5es relativas ao projeto de lei devem ser enviadas ao minist\u00e9rio at\u00e9 o dia 4 de setembro pela plataforma Participa + Brasil.<\/p>\n<p>A data<br \/>\nO dia 25 de setembro referencia o nascimento de Edgar Roquette-Pinto, respons\u00e1vel pela primeira transmiss\u00e3o de r\u00e1dio no Brasil, que aconteceu em 7 de setembro de 1922. O r\u00e1dio foi o pioneiro como ve\u00edculo de massa voltado para a comunica\u00e7\u00e3o, sendo adotado rapidamente pela popula\u00e7\u00e3o no uso di\u00e1rio para informa\u00e7\u00e3o, entretenimento, cultura e educa\u00e7\u00e3o.<\/p>\n<p><img fetchpriority=\"high\" decoding=\"async\" class=\"wp-image-18448 aligncenter\" src=\"https:\/\/www.sertsc.org.br\/site\/wp-content\/uploads\/2022\/09\/Aniversario-Email-22-6-300x200.png\" alt=\"\" width=\"503\" height=\"335\" \/><\/p>\n<p>Fonte: Abratel.<\/p>\n","protected":false},"excerpt":{"rendered":"<p>O Minist\u00e9rio das Comunica\u00e7\u00f5es em comemora\u00e7\u00e3o ao centen\u00e1rio do R\u00e1dio&hellip;<\/p>\n<p> <a class=\"more-link\" href=\"https:\/\/sertsc.org.br\/site\/dia-nacional-do-radio-e-tema-de-consulta-publica\/\">Leia mais<\/a><\/p>\n","protected":false},"author":1,"featured_media":18448,"comment_status":"open","ping_status":"open","sticky":false,"template":"","format":"standard","meta":{"footnotes":""},"categories":[33,3],"tags":[],"class_list":{"0":"post-18446","1":"post","2":"type-post","3":"status-publish","4":"format-standard","5":"has-post-thumbnail","7":"category-destaques","8":"category-noticias"},"_links":{"self":[{"href":"https:\/\/sertsc.org.br\/site\/wp-json\/wp\/v2\/posts\/18446","targetHints":{"allow":["GET"]}}],"collection":[{"href":"https:\/\/sertsc.org.br\/site\/wp-json\/wp\/v2\/posts"}],"about":[{"href":"https:\/\/sertsc.org.br\/site\/wp-json\/wp\/v2\/types\/post"}],"author":[{"embeddable":true,"href":"https:\/\/sertsc.org.br\/site\/wp-json\/wp\/v2\/users\/1"}],"replies":[{"embeddable":true,"href":"https:\/\/sertsc.org.br\/site\/wp-json\/wp\/v2\/comments?post=18446"}],"version-history":[{"count":0,"href":"https:\/\/sertsc.org.br\/site\/wp-json\/wp\/v2\/posts\/18446\/revisions"}],"wp:featuredmedia":[{"embeddable":true,"href":"https:\/\/sertsc.org.br\/site\/wp-json\/"}],"wp:attachment":[{"href":"https:\/\/sertsc.org.br\/site\/wp-json\/wp\/v2\/media?parent=18446"}],"wp:term":[{"taxonomy":"category","embeddable":true,"href":"https:\/\/sertsc.org.br\/site\/wp-json\/wp\/v2\/categories?post=18446"},{"taxonomy":"post_tag","embeddable":true,"href":"https:\/\/sertsc.org.br\/site\/wp-json\/wp\/v2\/tags?post=18446"}],"curies":[{"name":"wp","href":"https:\/\/api.w.org\/{rel}","templated":true}]}}