{"id":18442,"date":"2022-09-01T09:10:25","date_gmt":"2022-09-01T12:10:25","guid":{"rendered":"https:\/\/www.sertsc.org.br\/site\/?p=18442"},"modified":"2022-09-01T09:10:25","modified_gmt":"2022-09-01T12:10:25","slug":"bali-sedia-o-g20-e-brasil-marca-presenca","status":"publish","type":"post","link":"https:\/\/sertsc.org.br\/site\/bali-sedia-o-g20-e-brasil-marca-presenca\/","title":{"rendered":"Bali sedia o G20 e Brasil marca presen\u00e7a"},"content":{"rendered":"<p>O f\u00f3rum das 20 maiores economias do mundo acontece na Indon\u00e9sia e debate medidas para a transforma\u00e7\u00e3o digital sustent\u00e1vel. O Brasil marcou presen\u00e7ana 4\u00aa reuni\u00e3o do grupo de trabalho de economia digital do G20.<\/p>\n<p>A delega\u00e7\u00e3o brasileira em Bali, na Indon\u00e9sia, contou com a presen\u00e7a de Maximiliano Martinh\u00e3o, representando o ministro das Comunica\u00e7\u00f5es, e Jos\u00e9 Gontijo, representando o ministro da Ci\u00eancia, Tecnologia e Inova\u00e7\u00e3o.<\/p>\n<p>A reuni\u00e3o teve por objetivo promover debates intercontinentais sobre medidas e a\u00e7\u00f5es que possam, por meio de iniciativas digitais, beneficiar setores transversais e economias sustent\u00e1veis em escala global.<\/p>\n<p>No \u00faltimo ano, ap\u00f3s reuni\u00e3o do G20 na It\u00e1lia, o tema ganhou protagonismo ao ser promovido de for\u00e7a-tarefa (de car\u00e1ter tempor\u00e1rio) para grupo de trabalho (com car\u00e1ter permanente), no qual est\u00e3o sendo discutidos temas como conectividade, habilidades e letramento digital e fluxo de dados.<\/p>\n<p>OUTRAS AGENDAS \u2014 A delega\u00e7\u00e3o tamb\u00e9m participou de reuni\u00f5es paralelas com outras lideran\u00e7as representativas para fortalecer medidas de coopera\u00e7\u00e3o bilaterais e beneficiar os setores envolvidos. Entre as lideran\u00e7as, est\u00e3o o vice-secret\u00e1rio geral da Organiza\u00e7\u00e3o para a Coopera\u00e7\u00e3o e Desenvolvimento Econ\u00f4mico (OCDE), Ulrik Vestergaard Knudsen, a secret\u00e1ria de Inova\u00e7\u00e3o Tecnol\u00f3gica do Setor P\u00fablico do Gabinete de Ministros da Argentina, Micaela S\u00e1nchez Malcolm, e o Secret\u00e1rio-Geral da Uni\u00e3o Internacional de Telecomunica\u00e7\u00f5es (UIT), Houloin Zhao.<\/p>\n<p>Na quinta-feira (1\u00b0), o encontro reunir\u00e1 os ministros de comunica\u00e7\u00f5es e inova\u00e7\u00f5es dos pa\u00edses-membros para pronunciamentos finais e an\u00fancio da \u00cdndia como o pr\u00f3ximo pa\u00eds que sedia o evento. A previs\u00e3o \u00e9 de que, em 2024, o Brasil receba e presida a reuni\u00e3o.<\/p>\n<p><img fetchpriority=\"high\" decoding=\"async\" class=\"wp-image-18443 aligncenter\" src=\"https:\/\/www.sertsc.org.br\/site\/wp-content\/uploads\/2022\/09\/Aniversario-Email-22-4-300x200.png\" alt=\"\" width=\"503\" height=\"335\" \/><\/p>\n<p>Fonte: MCOM<\/p>\n","protected":false},"excerpt":{"rendered":"<p>O f\u00f3rum das 20 maiores economias do mundo acontece na&hellip;<\/p>\n<p> <a class=\"more-link\" href=\"https:\/\/sertsc.org.br\/site\/bali-sedia-o-g20-e-brasil-marca-presenca\/\">Leia mais<\/a><\/p>\n","protected":false},"author":1,"featured_media":18443,"comment_status":"open","ping_status":"open","sticky":false,"template":"","format":"standard","meta":{"footnotes":""},"categories":[33,3],"tags":[],"class_list":{"0":"post-18442","1":"post","2":"type-post","3":"status-publish","4":"format-standard","5":"has-post-thumbnail","7":"category-destaques","8":"category-noticias"},"_links":{"self":[{"href":"https:\/\/sertsc.org.br\/site\/wp-json\/wp\/v2\/posts\/18442","targetHints":{"allow":["GET"]}}],"collection":[{"href":"https:\/\/sertsc.org.br\/site\/wp-json\/wp\/v2\/posts"}],"about":[{"href":"https:\/\/sertsc.org.br\/site\/wp-json\/wp\/v2\/types\/post"}],"author":[{"embeddable":true,"href":"https:\/\/sertsc.org.br\/site\/wp-json\/wp\/v2\/users\/1"}],"replies":[{"embeddable":true,"href":"https:\/\/sertsc.org.br\/site\/wp-json\/wp\/v2\/comments?post=18442"}],"version-history":[{"count":0,"href":"https:\/\/sertsc.org.br\/site\/wp-json\/wp\/v2\/posts\/18442\/revisions"}],"wp:featuredmedia":[{"embeddable":true,"href":"https:\/\/sertsc.org.br\/site\/wp-json\/"}],"wp:attachment":[{"href":"https:\/\/sertsc.org.br\/site\/wp-json\/wp\/v2\/media?parent=18442"}],"wp:term":[{"taxonomy":"category","embeddable":true,"href":"https:\/\/sertsc.org.br\/site\/wp-json\/wp\/v2\/categories?post=18442"},{"taxonomy":"post_tag","embeddable":true,"href":"https:\/\/sertsc.org.br\/site\/wp-json\/wp\/v2\/tags?post=18442"}],"curies":[{"name":"wp","href":"https:\/\/api.w.org\/{rel}","templated":true}]}}