{"id":18439,"date":"2022-08-31T10:28:35","date_gmt":"2022-08-31T13:28:35","guid":{"rendered":"https:\/\/www.sertsc.org.br\/site\/?p=18439"},"modified":"2022-08-31T10:28:35","modified_gmt":"2022-08-31T13:28:35","slug":"entidades-de-tres-estados-recebem-autorizacao-para-retransmitir-em-sinal-digital","status":"publish","type":"post","link":"https:\/\/sertsc.org.br\/site\/entidades-de-tres-estados-recebem-autorizacao-para-retransmitir-em-sinal-digital\/","title":{"rendered":"Entidades de tr\u00eas estados recebem autoriza\u00e7\u00e3o para retransmitir em sinal digital"},"content":{"rendered":"<p>O Minist\u00e9rio das Comunica\u00e7\u00f5es (MCom) autorizou, nesta ter\u00e7a-feira (30), por meio de portarias no Di\u00e1rio Oficial da Uni\u00e3o (DOU), a retransmiss\u00e3o de canais em sinal digital nos estados de Mato Grosso do Sul, Minas Gerais e Paran\u00e1. As outorgas foram concedidas \u00e0s entidades em car\u00e1ter prim\u00e1rio \u2013 possibilitando melhor qualidade de som e imagem, al\u00e9m da prote\u00e7\u00e3o contra interfer\u00eancias no sinal.<\/p>\n<p>No Mato Grosso do Sul foram dois canais autorizados: em S\u00e3o Gabriel do Oeste (canal 41) e em Navira\u00ed (canal 38). Em Minas Gerais, o munic\u00edpio de Lavras ter\u00e1 retransmiss\u00e3o no canal 47. J\u00e1 no Paran\u00e1, a outorga levar\u00e1 o sinal digital at\u00e9 o munic\u00edpio de Dois Vizinhos (canal 35).<\/p>\n<p>As autoriza\u00e7\u00f5es concedidas para as retransmissoras de televis\u00e3o permitem a execu\u00e7\u00e3o por prazo indeterminado do servi\u00e7o ancilar, cuja principal finalidade \u00e9 complementar a cobertura do sinal do servi\u00e7o de radiodifus\u00e3o de sons e imagens (TV).<\/p>\n<p>Antes de executar o servi\u00e7o, as entidades dever\u00e3o observar os prazos previstos para a obten\u00e7\u00e3o da autoriza\u00e7\u00e3o de uso de radiofrequ\u00eancia e solicita\u00e7\u00e3o do licenciamento da esta\u00e7\u00e3o, junto \u00e0 Ag\u00eancia Nacional de Telecomunica\u00e7\u00f5es (Anatel). Estas autoriza\u00e7\u00f5es s\u00e3o regidas pelo C\u00f3digo Brasileiro de Telecomunica\u00e7\u00f5es, das leis subsequentes e seus regulamentos \u2014 bem como pelo Decreto n\u00ba 5.820, de 2006.<\/p>\n<p><img fetchpriority=\"high\" decoding=\"async\" class=\"wp-image-18440 aligncenter\" src=\"https:\/\/www.sertsc.org.br\/site\/wp-content\/uploads\/2022\/08\/Aniversario-Email-22-3-2-300x200.png\" alt=\"\" width=\"479\" height=\"319\" \/><\/p>\n<p>Fonte: MCOM<\/p>\n","protected":false},"excerpt":{"rendered":"<p>O Minist\u00e9rio das Comunica\u00e7\u00f5es (MCom) autorizou, nesta ter\u00e7a-feira (30), por&hellip;<\/p>\n<p> <a class=\"more-link\" href=\"https:\/\/sertsc.org.br\/site\/entidades-de-tres-estados-recebem-autorizacao-para-retransmitir-em-sinal-digital\/\">Leia mais<\/a><\/p>\n","protected":false},"author":1,"featured_media":18440,"comment_status":"open","ping_status":"open","sticky":false,"template":"","format":"standard","meta":{"footnotes":""},"categories":[33,3],"tags":[],"class_list":{"0":"post-18439","1":"post","2":"type-post","3":"status-publish","4":"format-standard","5":"has-post-thumbnail","7":"category-destaques","8":"category-noticias"},"_links":{"self":[{"href":"https:\/\/sertsc.org.br\/site\/wp-json\/wp\/v2\/posts\/18439","targetHints":{"allow":["GET"]}}],"collection":[{"href":"https:\/\/sertsc.org.br\/site\/wp-json\/wp\/v2\/posts"}],"about":[{"href":"https:\/\/sertsc.org.br\/site\/wp-json\/wp\/v2\/types\/post"}],"author":[{"embeddable":true,"href":"https:\/\/sertsc.org.br\/site\/wp-json\/wp\/v2\/users\/1"}],"replies":[{"embeddable":true,"href":"https:\/\/sertsc.org.br\/site\/wp-json\/wp\/v2\/comments?post=18439"}],"version-history":[{"count":0,"href":"https:\/\/sertsc.org.br\/site\/wp-json\/wp\/v2\/posts\/18439\/revisions"}],"wp:featuredmedia":[{"embeddable":true,"href":"https:\/\/sertsc.org.br\/site\/wp-json\/"}],"wp:attachment":[{"href":"https:\/\/sertsc.org.br\/site\/wp-json\/wp\/v2\/media?parent=18439"}],"wp:term":[{"taxonomy":"category","embeddable":true,"href":"https:\/\/sertsc.org.br\/site\/wp-json\/wp\/v2\/categories?post=18439"},{"taxonomy":"post_tag","embeddable":true,"href":"https:\/\/sertsc.org.br\/site\/wp-json\/wp\/v2\/tags?post=18439"}],"curies":[{"name":"wp","href":"https:\/\/api.w.org\/{rel}","templated":true}]}}