{"id":18426,"date":"2022-08-29T08:45:09","date_gmt":"2022-08-29T11:45:09","guid":{"rendered":"https:\/\/www.sertsc.org.br\/site\/?p=18426"},"modified":"2022-08-29T08:45:09","modified_gmt":"2022-08-29T11:45:09","slug":"mcom-discute-fortalecimento-de-relacoes-e-troca-de-experiencias-com-o-japao","status":"publish","type":"post","link":"https:\/\/sertsc.org.br\/site\/mcom-discute-fortalecimento-de-relacoes-e-troca-de-experiencias-com-o-japao\/","title":{"rendered":"MCom discute fortalecimento de rela\u00e7\u00f5es e troca de experi\u00eancias com o Jap\u00e3o"},"content":{"rendered":"<p>O vice-ministro de Comunica\u00e7\u00f5es japon\u00eas reuniu-se com a secret\u00e1ria-Executiva da pasta para tratar de TV 3.0, 5G e parceria entre as empresas p\u00fablicas de radiodifus\u00e3o<\/p>\n<p>O Minist\u00e9rio das Comunica\u00e7\u00f5es (MCom) recebeu, nesta quarta-feira (24), o vice-ministro de Assuntos Internos e Comunica\u00e7\u00f5es do Jap\u00e3o, Hiroshi Yoshida. Na ocasi\u00e3o foram discutidas quest\u00f5es relacionadas \u00e0 implementa\u00e7\u00e3o de tecnologias, visando fortalecer a rela\u00e7\u00e3o entre os pa\u00edses nos setores de Radiodifus\u00e3o e Telecomunica\u00e7\u00f5es.<\/p>\n<p>Para a secret\u00e1ria-Executiva do MCom, Estella Dantas, temas como a TV 3.0 e a quinta gera\u00e7\u00e3o de redes m\u00f3veis (5G), j\u00e1 inaugurada em 12 capitais do Brasil, s\u00e3o oportunidades para estreitar os la\u00e7os entre as duas na\u00e7\u00f5es. Em julho, uma delega\u00e7\u00e3o do MCom integrou miss\u00e3o oficial ao Jap\u00e3o para debater o futuro dos padr\u00f5es tecnol\u00f3gicos para TV Digital, o conceito de arquitetura de rede OpenRAN e a reativa\u00e7\u00e3o do F\u00f3rum ISDB-T Internacional.<\/p>\n<p>Dantas aproveitou a oportunidade para agradecer a participa\u00e7\u00e3o do vice-ministro japon\u00eas, Yoshiaki Takeuchi, no Semin\u00e1rio 5G.BR, realizado pelo MCom no dia 11 em S\u00e3o Paulo. A secret\u00e1ria destacou que outro evento sobre o tema, em Manaus (AM), ter\u00e1 como pauta principal a conectividade na floresta Amaz\u00f4nica.<\/p>\n<p>Por fim, a secret\u00e1ria-Executiva ressaltou que \u00e9 conduzida parceria para troca de programa\u00e7\u00e3o e knowhow tecnol\u00f3gico entre a Empresa Brasileira de Comunica\u00e7\u00e3o (EBC) e a empresa p\u00fablica de radiodifus\u00e3o nip\u00f4nica NHK.<\/p>\n<p>Tamb\u00e9m participaram do encontro o secret\u00e1rio de Radiodifus\u00e3o, Maximiliano Martinh\u00e3o, a assessora Especial de Assuntos Internacionais do MCom, Yasmin Azevedo, e o embaixador do Jap\u00e3o no Brasil, Teiji Hayashi.<\/p>\n<p><img fetchpriority=\"high\" decoding=\"async\" class=\"wp-image-18427 aligncenter\" src=\"https:\/\/www.sertsc.org.br\/site\/wp-content\/uploads\/2022\/08\/Aniversario-Email-22-10-300x200.png\" alt=\"\" width=\"509\" height=\"339\" \/><\/p>\n<p>Fonte: ABRATEL.<\/p>\n","protected":false},"excerpt":{"rendered":"<p>O vice-ministro de Comunica\u00e7\u00f5es japon\u00eas reuniu-se com a secret\u00e1ria-Executiva da&hellip;<\/p>\n<p> <a class=\"more-link\" href=\"https:\/\/sertsc.org.br\/site\/mcom-discute-fortalecimento-de-relacoes-e-troca-de-experiencias-com-o-japao\/\">Leia mais<\/a><\/p>\n","protected":false},"author":1,"featured_media":18427,"comment_status":"open","ping_status":"open","sticky":false,"template":"","format":"standard","meta":{"footnotes":""},"categories":[33,3],"tags":[],"class_list":{"0":"post-18426","1":"post","2":"type-post","3":"status-publish","4":"format-standard","5":"has-post-thumbnail","7":"category-destaques","8":"category-noticias"},"_links":{"self":[{"href":"https:\/\/sertsc.org.br\/site\/wp-json\/wp\/v2\/posts\/18426","targetHints":{"allow":["GET"]}}],"collection":[{"href":"https:\/\/sertsc.org.br\/site\/wp-json\/wp\/v2\/posts"}],"about":[{"href":"https:\/\/sertsc.org.br\/site\/wp-json\/wp\/v2\/types\/post"}],"author":[{"embeddable":true,"href":"https:\/\/sertsc.org.br\/site\/wp-json\/wp\/v2\/users\/1"}],"replies":[{"embeddable":true,"href":"https:\/\/sertsc.org.br\/site\/wp-json\/wp\/v2\/comments?post=18426"}],"version-history":[{"count":0,"href":"https:\/\/sertsc.org.br\/site\/wp-json\/wp\/v2\/posts\/18426\/revisions"}],"wp:featuredmedia":[{"embeddable":true,"href":"https:\/\/sertsc.org.br\/site\/wp-json\/"}],"wp:attachment":[{"href":"https:\/\/sertsc.org.br\/site\/wp-json\/wp\/v2\/media?parent=18426"}],"wp:term":[{"taxonomy":"category","embeddable":true,"href":"https:\/\/sertsc.org.br\/site\/wp-json\/wp\/v2\/categories?post=18426"},{"taxonomy":"post_tag","embeddable":true,"href":"https:\/\/sertsc.org.br\/site\/wp-json\/wp\/v2\/tags?post=18426"}],"curies":[{"name":"wp","href":"https:\/\/api.w.org\/{rel}","templated":true}]}}