{"id":18422,"date":"2022-08-25T10:02:23","date_gmt":"2022-08-25T13:02:23","guid":{"rendered":"https:\/\/www.sertsc.org.br\/site\/?p=18422"},"modified":"2022-08-25T10:02:23","modified_gmt":"2022-08-25T13:02:23","slug":"propaganda-eleitoral-no-radio-e-na-tv-quando-inicia-e-quando-termina","status":"publish","type":"post","link":"https:\/\/sertsc.org.br\/site\/propaganda-eleitoral-no-radio-e-na-tv-quando-inicia-e-quando-termina\/","title":{"rendered":"Propaganda eleitoral no R\u00e1dio e na TV: quando inicia e quando termina"},"content":{"rendered":"<p>A propaganda eleitoral gratuita no r\u00e1dio e na televis\u00e3o inicia nesta sexta-feira, dia 26 de agosto. Os programas seguir\u00e3o a ordem definida em reuni\u00e3o com o Tribunal Regional Eleitoral do Paran\u00e1 (TRE-PR) e com o Tribunal Superior Eleitoral (TSE).<\/p>\n<p>Os conte\u00fados, de acordo com o TSE, devem ter uma transmiss\u00e3o inclusiva, com audiodescri\u00e7\u00e3o, legenda oculta e janela de libras. S\u00e3o vedadas mensagens que possam ridicularizar candidatas, candidatos, partidos, coliga\u00e7\u00f5es e federa\u00e7\u00f5es. Tamb\u00e9m n\u00e3o \u00e9 permitida qualquer forma de propaganda paga. O desrespeito \u00e0s regras pode acarretar san\u00e7\u00f5es que v\u00e3o desde a perda do tempo de TV, at\u00e9 multa e representa\u00e7\u00f5es por propaganda irregular.<\/p>\n<p>Qualquer pessoa pode fazer den\u00fancias sobre irregularidades nas campanhas eleitorais pelo aplicativo Pardal, dispon\u00edvel nas lojas de dispositivos m\u00f3veis (Android e Apple).<\/p>\n<p>A exibi\u00e7\u00e3o vai at\u00e9 o dia 29 de setembro, tr\u00eas dias antes do primeiro turno, que acontece em 2 de outubro (Lei n\u00ba 9.504\/1997, art. 47, caput, e art. 51 e Res. TSE n\u00ba 23.610\/19, art. 49).<\/p>\n<p>Dias e hor\u00e1rios<br \/>\nI \u2013 para Presid\u00eancia da Rep\u00fablica, \u00e0s ter\u00e7as e quintas-feiras e aos s\u00e1bados:<br \/>\na) das 7h \u00e0s 7h12 e 12h 12h12 no r\u00e1dio;<br \/>\nb) das 13h \u00e0s 13h12 e 20h30 \u00e0s 20h42 na televis\u00e3o;<\/p>\n<p>II \u2013 nas elei\u00e7\u00f5es para deputada (o) federal, \u00e0s ter\u00e7as e quintas-feiras e aos s\u00e1bados:<br \/>\na) das 7h12 \u00e0s 7h25 e das 12h12 \u00e0s 12h25 no r\u00e1dio;<br \/>\nb) das 13h12 \u00e0s 13h25 e das 20h42 \u00e0s 20h55 na televis\u00e3o.<\/p>\n<p>III \u2013 nas elei\u00e7\u00f5es para o Senado, \u00e0s segundas, quartas e sextas-feiras:<br \/>\na) das 7h \u00e0s 7h05 e das 12h \u00e0s 12h05 no r\u00e1dio;<br \/>\nb) das 13h \u00e0s 13h05 e das 20h30 \u00e0s 20h35 na televis\u00e3o;<\/p>\n<p>IV \u2013 nas elei\u00e7\u00f5es para deputada (o) estadual, \u00e0s segundas, quartas e sextas-feiras:<br \/>\na) das 7h05 \u00e0s 7h15 e das 12h05 \u00e0s 12h15 no r\u00e1dio;<br \/>\nb) das 13h05 \u00e0s 13h15 e das 20h35 \u00e0s 20h45 na televis\u00e3o.<\/p>\n<p>V \u2013 na elei\u00e7\u00e3o para Governo de Estado, \u00e0s segundas, quartas e sextas-feiras:<br \/>\na) das 7h15 \u00e0s7h25 e das 12h15 \u00e0s 12h25 no r\u00e1dio;<br \/>\nb) das 13h15 \u00e0s 13h25 e das 20h45 \u00e0s 20h55 na televis\u00e3o.<\/p>\n<p><img fetchpriority=\"high\" decoding=\"async\" class=\"wp-image-18423 aligncenter\" src=\"https:\/\/www.sertsc.org.br\/site\/wp-content\/uploads\/2022\/08\/2-300x121.jpg\" alt=\"\" width=\"491\" height=\"198\" \/><\/p>\n<p>Fonte: Portal Making Of<\/p>\n","protected":false},"excerpt":{"rendered":"<p>A propaganda eleitoral gratuita no r\u00e1dio e na televis\u00e3o inicia&hellip;<\/p>\n<p> <a class=\"more-link\" href=\"https:\/\/sertsc.org.br\/site\/propaganda-eleitoral-no-radio-e-na-tv-quando-inicia-e-quando-termina\/\">Leia mais<\/a><\/p>\n","protected":false},"author":1,"featured_media":18423,"comment_status":"open","ping_status":"open","sticky":false,"template":"","format":"standard","meta":{"footnotes":""},"categories":[33,3],"tags":[],"class_list":{"0":"post-18422","1":"post","2":"type-post","3":"status-publish","4":"format-standard","5":"has-post-thumbnail","7":"category-destaques","8":"category-noticias"},"_links":{"self":[{"href":"https:\/\/sertsc.org.br\/site\/wp-json\/wp\/v2\/posts\/18422","targetHints":{"allow":["GET"]}}],"collection":[{"href":"https:\/\/sertsc.org.br\/site\/wp-json\/wp\/v2\/posts"}],"about":[{"href":"https:\/\/sertsc.org.br\/site\/wp-json\/wp\/v2\/types\/post"}],"author":[{"embeddable":true,"href":"https:\/\/sertsc.org.br\/site\/wp-json\/wp\/v2\/users\/1"}],"replies":[{"embeddable":true,"href":"https:\/\/sertsc.org.br\/site\/wp-json\/wp\/v2\/comments?post=18422"}],"version-history":[{"count":0,"href":"https:\/\/sertsc.org.br\/site\/wp-json\/wp\/v2\/posts\/18422\/revisions"}],"wp:featuredmedia":[{"embeddable":true,"href":"https:\/\/sertsc.org.br\/site\/wp-json\/"}],"wp:attachment":[{"href":"https:\/\/sertsc.org.br\/site\/wp-json\/wp\/v2\/media?parent=18422"}],"wp:term":[{"taxonomy":"category","embeddable":true,"href":"https:\/\/sertsc.org.br\/site\/wp-json\/wp\/v2\/categories?post=18422"},{"taxonomy":"post_tag","embeddable":true,"href":"https:\/\/sertsc.org.br\/site\/wp-json\/wp\/v2\/tags?post=18422"}],"curies":[{"name":"wp","href":"https:\/\/api.w.org\/{rel}","templated":true}]}}