{"id":18415,"date":"2022-08-24T10:09:26","date_gmt":"2022-08-24T13:09:26","guid":{"rendered":"https:\/\/www.sertsc.org.br\/site\/?p=18415"},"modified":"2022-08-24T10:09:26","modified_gmt":"2022-08-24T13:09:26","slug":"possibilidade-de-regular-tv-aberta-via-banda-ku-e-avaliada-pelo-ministerio-das-comunicacoes","status":"publish","type":"post","link":"https:\/\/sertsc.org.br\/site\/possibilidade-de-regular-tv-aberta-via-banda-ku-e-avaliada-pelo-ministerio-das-comunicacoes\/","title":{"rendered":"Possibilidade de regular TV aberta via banda Ku \u00e9 avaliada pelo Minist\u00e9rio das Comunica\u00e7\u00f5es"},"content":{"rendered":"<p>Como respons\u00e1vel pela radiodifus\u00e3o, O Minist\u00e9rio das Comunica\u00e7\u00f5es, na posi\u00e7\u00e3o de respons\u00e1vel pela radiodifus\u00e3o, avalia a possibilidade de regula\u00e7\u00e3o da TV aberta pela banda Ku, segundo revelou o secret\u00e1rio respons\u00e1vel pelo assunto na pasta, Maximiliano Martinh\u00e3o.<\/p>\n<p>Durante painel do SET Expo 2022 nesta ter\u00e7a, 23, em S\u00e3o Paulo, Martinh\u00e3o destacou que &#8220;quest\u00f5es come\u00e7am a surgir&#8221; a respeito do tema. A TV aberta satelital transmitida em banda Ku \u00e9 decorr\u00eancia do processo de limpeza da faixa de 3,5 GHz para o 5G.<br \/>\nO assunto, contudo, n\u00e3o est\u00e1 consolidado. &#8220;As quest\u00f5es que come\u00e7am a surgir, mas n\u00e3o como consenso do setor, s\u00e3o sobre se a gente deve regulamentar ou n\u00e3o essa TV por sat\u00e9lite&#8221;, declarou Martinh\u00e3o. A raz\u00e3o para regulamentar, disse ele, seria o fato de que a emissora poderia ter atua\u00e7\u00e3o nacional ao executar esse tipo de transmiss\u00e3o, o que afetaria a perspectiva concorrencial desse mercado.<\/p>\n<p>&#8220;\u00c0s vezes ela [a emissora de TV aberta por banda Ku] est\u00e1 fazendo o mesmo servi\u00e7o de um geradora ou cabe\u00e7a de rede em S\u00e3o Paulo. \u00c9 este o modelo? Estamos ouvindo ru\u00eddos neste sentido, s\u00e3o os pontos que a gente vislumbra na implanta\u00e7\u00e3o da banda Ku&#8221;, coloca o secret\u00e1rio de radiodifus\u00e3o do MCom.<\/p>\n<p>Migra\u00e7\u00e3o<br \/>\nO Minist\u00e9rio trabalha atualmente com o cen\u00e1rio de 18,9 milh\u00f5es de domic\u00edlios que utilizam a banda C para a TV aberta por meio da antena parab\u00f3lica \u2013 ou seja, a TVRO \u2013 e que precisar\u00e3o migrar para a banda Ku. A previs\u00e3o de distribui\u00e7\u00e3o de kits para fam\u00edlias inscritas no Cadastro \u00danico e que sejam usu\u00e1rias \u00e9 de chegar em torno de 10,5 milh\u00f5es de equipamentos, mas esse n\u00famero pode variar ainda.<\/p>\n<p>Na avalia\u00e7\u00e3o tanto do MCom quanto da Entidade Administradora da Faixa de 3,5 GHz (EAF, ou Siga Antenado), a quantidade de fam\u00edlias solicitando os kits tem sido abaixo do esperado. &#8220;A demanda nas capitais onde o espectro j\u00e1 foi liberado n\u00e3o tem sido t\u00e3o grande, (a previs\u00e3o) era de 257 mil equipamentos. Mas nas cidades menores deve ser bem superior&#8221;, destaca o presidente da EAF, Leandro Guerra.<\/p>\n<p>A EAF utilizar\u00e1 uma abordagem diferente nas pr\u00f3ximas cidades ap\u00f3s o processo nas capitais, onde h\u00e1 um prazo considerado &#8220;mais arrojado&#8221; por Guerra. &#8220;Em outras cidades, o prazo da campanha vai ser maior, come\u00e7ando j\u00e1 em outubro.&#8221; Depois que a faixa de 3,5 GHz for liberada, a entidade ainda continua monitorando as cidades por mais 90 dias, para atender a poss\u00edveis ocorr\u00eancias.<\/p>\n<p>Mais tempo<br \/>\nUma proposta aventada durante o painel \u00e9 a de que a EAF prolongasse a distribui\u00e7\u00e3o de kits, considerando que poderia haver uma segunda onda de demanda ap\u00f3s o prazo inicial estimado. O diretor de tecnologia da Abert, Luiz Carlos Abrah\u00e3o, disse que a ideia seria uma &#8220;oportunidade de melhoria&#8221; no processo. Para o diretor geral da Abratel, Samir Nobre, o processo da banda Ku ainda est\u00e1 para entrar em estado de matura\u00e7\u00e3o, comparando ao que aconteceu com a TV digital.<\/p>\n<p>Contudo, a possibilidade n\u00e3o parece suficientemente grande no entendimento do presidente do Gaispi e conselheiro da Anatel, Mois\u00e9s Moreira. &#8220;N\u00e3o acredito que vai intensificar, que muita gente vai pedir depois. J\u00e1 temos antenas na periferia, e ningu\u00e9m vai deixar de gritar se tiver interfer\u00eancia&#8221;, declarou ele em conversa com jornalistas.<\/p>\n<p><img fetchpriority=\"high\" decoding=\"async\" class=\"wp-image-18416 aligncenter\" src=\"https:\/\/www.sertsc.org.br\/site\/wp-content\/uploads\/2022\/08\/Aniversario-Email-22-9-300x200.png\" alt=\"\" width=\"494\" height=\"329\" \/><\/p>\n<p>Fonte: Teletime<\/p>\n","protected":false},"excerpt":{"rendered":"<p>Como respons\u00e1vel pela radiodifus\u00e3o, O Minist\u00e9rio das Comunica\u00e7\u00f5es, na posi\u00e7\u00e3o&hellip;<\/p>\n<p> <a class=\"more-link\" href=\"https:\/\/sertsc.org.br\/site\/possibilidade-de-regular-tv-aberta-via-banda-ku-e-avaliada-pelo-ministerio-das-comunicacoes\/\">Leia mais<\/a><\/p>\n","protected":false},"author":1,"featured_media":18416,"comment_status":"open","ping_status":"open","sticky":false,"template":"","format":"standard","meta":{"footnotes":""},"categories":[33,3],"tags":[],"class_list":{"0":"post-18415","1":"post","2":"type-post","3":"status-publish","4":"format-standard","5":"has-post-thumbnail","7":"category-destaques","8":"category-noticias"},"_links":{"self":[{"href":"https:\/\/sertsc.org.br\/site\/wp-json\/wp\/v2\/posts\/18415","targetHints":{"allow":["GET"]}}],"collection":[{"href":"https:\/\/sertsc.org.br\/site\/wp-json\/wp\/v2\/posts"}],"about":[{"href":"https:\/\/sertsc.org.br\/site\/wp-json\/wp\/v2\/types\/post"}],"author":[{"embeddable":true,"href":"https:\/\/sertsc.org.br\/site\/wp-json\/wp\/v2\/users\/1"}],"replies":[{"embeddable":true,"href":"https:\/\/sertsc.org.br\/site\/wp-json\/wp\/v2\/comments?post=18415"}],"version-history":[{"count":0,"href":"https:\/\/sertsc.org.br\/site\/wp-json\/wp\/v2\/posts\/18415\/revisions"}],"wp:featuredmedia":[{"embeddable":true,"href":"https:\/\/sertsc.org.br\/site\/wp-json\/"}],"wp:attachment":[{"href":"https:\/\/sertsc.org.br\/site\/wp-json\/wp\/v2\/media?parent=18415"}],"wp:term":[{"taxonomy":"category","embeddable":true,"href":"https:\/\/sertsc.org.br\/site\/wp-json\/wp\/v2\/categories?post=18415"},{"taxonomy":"post_tag","embeddable":true,"href":"https:\/\/sertsc.org.br\/site\/wp-json\/wp\/v2\/tags?post=18415"}],"curies":[{"name":"wp","href":"https:\/\/api.w.org\/{rel}","templated":true}]}}