{"id":18411,"date":"2022-08-23T09:43:10","date_gmt":"2022-08-23T12:43:10","guid":{"rendered":"https:\/\/www.sertsc.org.br\/site\/?p=18411"},"modified":"2022-08-23T09:43:10","modified_gmt":"2022-08-23T12:43:10","slug":"set-expo-congresso-iniciou-nesta-segunda-feira-e-feira-abre-hoje","status":"publish","type":"post","link":"https:\/\/sertsc.org.br\/site\/set-expo-congresso-iniciou-nesta-segunda-feira-e-feira-abre-hoje\/","title":{"rendered":"SET Expo: Congresso iniciou nesta segunda-feira e Feira abre hoje"},"content":{"rendered":"<p>Hoje (23) abre oficialmente a feira de neg\u00f3cios e servi\u00e7os do SET Expo 2022, no Expo Center Norte. O congresso, que aborda temas relacionados \u00e0 r\u00e1dio, televis\u00e3o, digital, regulat\u00f3rio, entre outros, j\u00e1 iniciou nesta segunda-feira (22) e ir\u00e1 at\u00e9 quinta-feira (25), quando o r\u00e1dio ter\u00e1 destaque com uma programa\u00e7\u00e3o especial.<\/p>\n<p>Acompanhe a programa\u00e7\u00e3o do evento publicada no site tudoradio.com<br \/>\nNa abertura acontecer\u00e1 a palestra \u201cEvolu\u00e7\u00e3o do Entretenimento Audiovisual\u201d, tema do keynote apresentado pelo publicit\u00e1rio Eco Moliterno. Segundo a assessoria de imprensa do SET Expo 2022, o profissional foi eleito o segundo publicit\u00e1rio mais admirado por profissionais de marketing do pa\u00eds, em pesquisa realizada pela empresa espanhola Scopen. E, em 2015, foi considerado um dos publicit\u00e1rios mais influentes do Brasil e um dos 15 brasileiros mais influentes da internet no mesmo ano.<\/p>\n<p>Moliterno j\u00e1 palestrou em eventos como Cannes Festival, SXSW, WorldWebForum, DMEXCO, El Ojo, DigitalDay and NEXT, entre outros.<\/p>\n<p>J\u00e1 o Dia do R\u00e1dio no Congresso do SET Expo 2022 ocorrer\u00e1 na pr\u00f3xima quinta-feira (25), iniciando a partir das 09h00 na sala 01, mas tamb\u00e9m com apresenta\u00e7\u00f5es de interesse do setor na sala 2. Acompanhe:<\/p>\n<p><strong>Sala 1 &#8211; dia 25<\/strong><\/p>\n<p>A grade \u00e9 iniciada com o &#8220;O Futuro do R\u00e1dio est\u00e1 nas redes?&#8221;. Moderado por Daniel Starck (tudoradio.com) e Eduardo Cappia (EMC\/AESP\/SET), os palestrantes Luiz Benite (Rede Massa FM), Carlos Aros (Grupo Jovem Pan) e Jean Pierre Zanetti (Grupo Bandeirantes) v\u00e3o debater sobre o tema. \u00c9 fato que as redes de r\u00e1dio passaram por um forte processo de expans\u00e3o nos \u00faltimos anos, mas como aliar isso com as pr\u00e1ticas locais que o r\u00e1dio demanda? E qual o espa\u00e7o de projetos que n\u00e3o atuam em rede?<\/p>\n<p>Logo na sequ\u00eancia, \u00e0s 11h00, a sala 1 receber\u00e1 o painel &#8220;R\u00e1dio 100+ A M\u00eddia, O Ouvinte e o Neg\u00f3cio&#8221;, moderado por Marco Moretto (Hot 107 FM\/AESP) e Marco T\u00falio (ZYD Digital\/SET). Em pauta estar\u00e3o temas como distribui\u00e7\u00e3o e atua\u00e7\u00e3o multiplataforma, podcasts, m\u00e9tricas e a evolu\u00e7\u00e3o constante do r\u00e1dio como neg\u00f3cio digital. Nomes como Giovana Alcantara (Kantar IBOPE Media), Rodrigo Tigre (Estravision Cisnero Interactive) e Allen Chahad (Grupo Bandeirantes) v\u00e3o debater sobre o tema.<\/p>\n<p>A partir das 14h00, Robson Ferri promete apresentar &#8220;A palestra mais frustrante da SET Expo 2022&#8221;. Na descri\u00e7\u00e3o curiosa sobre o painel, o empres\u00e1rio afirma que &#8220;em uma hora e meia do tempo destinado \u00e0 apresenta\u00e7\u00e3o, logo ap\u00f3s o almo\u00e7o, n\u00e3o conseguiu sensibilizar convidados\u2026 ent\u00e3o ir\u00e1 fazer um \u201cstand up alone\u201d. Boa sorte aos que se aventurarem a entrar na sala 1&#8221;. Antes do fechamento sobre a grade, essa parte da programa\u00e7\u00e3o indicava o tema &#8220;criatividade&#8221;.<\/p>\n<p><strong>Sala 2, tamb\u00e9m no Dia do R\u00e1dio (25)<\/strong><\/p>\n<p>Perto da hora do almo\u00e7o, a programa\u00e7\u00e3o do SET Expo foi ampliada e contar\u00e1 com os pain\u00e9is do SET Express. Sobre r\u00e1dio, na sala 2 a partir das 12h45, o moderador Ronald Almeida (O Povo\/SET Nordeste) receber\u00e1 as palestrantes Juliana Paiva (RadioData) e Carolina Sasse (Cadena Sistemas) para apresenta\u00e7\u00f5es sobre atuais e novos modelos de neg\u00f3cio para o r\u00e1dio, seja sobre conte\u00fado como tamb\u00e9m sobre as ferramentas utilizadas.<\/p>\n<p>Tamb\u00e9m na sala 2, \u00e0s 14h00, a sess\u00e3o 1 do &#8220;Call for Papers&#8221; ter\u00e1 Ticiane Pfeiffer, superintendente da Aerp (Associa\u00e7\u00e3o das Emissoras de Radiodifus\u00e3o do Paran\u00e1), com a palestra &#8220;Publicidade do Meio R\u00e1dio e m\u00e9tricas de audi\u00eancia&#8221;. A programa\u00e7\u00e3o desse painel conta com trabalhos cient\u00edficos que foram submetidos ao Call for Papers promovido anualmente pela SET.<\/p>\n<p><strong>Pain\u00e9is de interesse do r\u00e1dio em outras datas (segunda e ter\u00e7a)<\/strong><\/p>\n<p>Ontem, na sala 1 \u00e0s 16h00, ocorreu o painel &#8220;Muito al\u00e9m da grade linear: as estrat\u00e9gias digitais que potencializam neg\u00f3cios para o r\u00e1dio e para a TV&#8221;, que teve a modera\u00e7\u00e3o de Carlos Aros (Grupo Jovem Pan) e as palestras de Roberto Ara\u00fajo (Jovem Pan), Felipe Aranha (Grupo Globo) e Izabela Ianelli (Endemol Shine Brasil). As discuss\u00f5es sobre conte\u00fados audiovisuais que n\u00e3o ficam limitados pelo r\u00e1dio e pela TV debatidas neste painel ser\u00e3o destacadas ainda hoje pelo tudoradio.com.<\/p>\n<p>Neste mesmo dia, temas paralelos como 5G, deepfake, transforma\u00e7\u00e3o da publicidade, entre outros, tamb\u00e9m chamaram a aten\u00e7\u00e3o dos profissionais de r\u00e1dio.<\/p>\n<p>Hoje (23) a programa\u00e7\u00e3o do congresso \u00e9 iniciada a partir das 11h, ap\u00f3s a cerim\u00f4nia de abertura. Conforme j\u00e1 destacado pelo tudoradio.com, na sala 1, ocorrer\u00e1 o painel &#8220;Streaming: As placas tect\u00f4nicas continuam se movimento&#8221;, moderado por Daniela Souza (Conselheira da SET e SVP AD Digital), reunindo executivos que s\u00e3o respons\u00e1veis por gerar m\u00e9tricas, propriet\u00e1rio de plataforma, fabricante de dispositivos e rede respons\u00e1vel pela monetiza\u00e7\u00e3o \/ an\u00fancios digitais + program\u00e1tica. S\u00e3o eles: Roberto Ara\u00fajo (Grupo Jovem Pan), Melissa Voguel (Kantar IBOPE Media), Luis Camargo (Google Brasil) e Aline Jabbour (Samsung).<\/p>\n<p>Tamb\u00e9m \u00e0s 11h00 ocorre o painel &#8220;Nova parab\u00f3lica: a migra\u00e7\u00e3o para a banda KU&#8221;. O tema, que \u00e9 sobre regulat\u00f3rio, tem como assuntos paralelos o 5G e tamb\u00e9m a opera\u00e7\u00e3o de r\u00e1dio via-sat\u00e9lite. Nomes do Minist\u00e9rio das Comunica\u00e7\u00f5es, Anatel, ABERT, Abratel e da Entidade Administradora da Faixa est\u00e3o nesta programa\u00e7\u00e3o, moderados por Ana Eliza Faria e Silva (Grupo Globo).<\/p>\n<p>J\u00e1 no SET Express desta ter\u00e7a-feira (23), o tema infraestrutura estar\u00e1 em debate, com a modera\u00e7\u00e3o de Valderez Donzelli (SET\/ADTHEC) e as palestras de Francisco Peres (SET), Moacir Lacerda (EPL) e S\u00e9rgio Martines (SM Facilities).<\/p>\n<p>Tamb\u00e9m na sala 2, \u00e0s 14h00, outro tema regulat\u00f3rio entra em discuss\u00e3o: &#8220;Atualiza\u00e7\u00e3o Regulat\u00f3ria: MCom e Anatel \/ Programa Digitaliza Brasil&#8221;, que ir\u00e1 debater o atual momento da radiodifus\u00e3o brasileira. A modera\u00e7\u00e3o \u00e9 de Francisco Peres (SET) e Geraldo Cardoso de Melo (Regional Sudeste da SET \/ Grupo de Trabalho de Espectro da SET), Vinicius Caram (Anatel) e Ot\u00e1vio Caixeta (Minist\u00e9rio das Comunica\u00e7\u00f5es) ser\u00e3o os palestrantes.<\/p>\n<p><strong>J\u00e1 na quarta-feira (24)&#8230;<\/strong><\/p>\n<p>Na sala 1, a partir das 11h00, ocorrer\u00e1 o painel &#8220;Tend\u00eancias: o futuro da m\u00eddia&#8221;, que ter\u00e1 como meta discutir a transforma\u00e7\u00e3o do h\u00e1bito de consumo e consequentemente dos neg\u00f3cios. A modera\u00e7\u00e3o \u00e9 de Roberto Dias Lima Franco (SET\/SBT) e os palestrantes ser\u00e3o: Melissa Vogel (Kantar IBOPE Media), Luis Mauricio Chopard Bonilauri (ACCENTURE) e Jefferson Lopes Denti (Deloitte).<\/p>\n<p>Tamb\u00e9m na quarta-feira (24), no SET Express, Thiago Aguiar Soares (Coordenador-Geral de Inova\u00e7\u00e3o, Regulamenta\u00e7\u00e3o e Sistemas &#8211; Secretaria de Radiodifus\u00e3o, Minist\u00e9rio das Comunica\u00e7\u00f5es), vai palestrar sobre a &#8220;Transforma\u00e7\u00e3o digital do Minist\u00e9rio das Comunica\u00e7\u00f5es&#8221;, \u00e0s 12h45 na sala 3.<\/p>\n<p>A tarde, na sala 2, \u00e0s 16h00, haver\u00e1 um workshop com o tema &#8220;An\u00e1lise de Viabilidade T\u00e9cnica &#8211; Planos B\u00e1sicos de Radiodifus\u00e3o \/ Mosaico &#8211; Anatel&#8221;, com a moderadora\u00e7\u00e3o de Geraldo Cardoso de Melo (Regional Sudeste da SET e membro do Grupo de Trabalho de Espectro da SET) e a palestra de Paulo Eduardo dos Reis Cardoso (coordenador de Sistemas e Modelos de Gest\u00e3o da Radiodifus\u00e3o Anatel).<\/p>\n<p><strong>O Dia do R\u00e1dio no SET Expo<\/strong><\/p>\n<p>Na quinta-feira, dia 25, o r\u00e1dio ter\u00e1 a sala 1 totalmente voltada \u00e0 assuntos de interesse para o setor. Assuntos como forma\u00e7\u00e3o de redes, distribui\u00e7\u00e3o e gera\u00e7\u00e3o de conte\u00fado multiplataforma, regulat\u00f3rio, novidades na \u00e1rea de transmiss\u00e3o, entre outros pontos, ser\u00e3o debatidos na programa\u00e7\u00e3o deste dia.<\/p>\n<p>N\u00e3o ser\u00e1 a primeira vez que o SET Expo ter\u00e1 um dia voltado ao r\u00e1dio em uma das salas destinadas ao congresso. Nas edi\u00e7\u00f5es presenciais anteriores o meio foi novamente destaque na programa\u00e7\u00e3o, contando com uma ampla presen\u00e7a de radiodifusores e profissionais da ind\u00fastria de r\u00e1dio. Todas as programa\u00e7\u00f5es do Dia do R\u00e1dio contaram com a sala cheia.<\/p>\n<p>O tudoradio.com atua como media partner do SET Expo 2022. O portal tamb\u00e9m esteve presente como apoiador na divulga\u00e7\u00e3o da programa\u00e7\u00e3o nas edi\u00e7\u00f5es de 2017, 2018 e 2019. J\u00e1 a cobertura da feira e do congresso ocorre de forma ininterrupta pela equipe do portal desde 2009.<\/p>\n<p>A feira de servi\u00e7os contar\u00e1 com diversas empresas voltadas ao mercado de r\u00e1dio. Entre as marcas confirmadas est\u00e3o a Cadena Sistemas, Sinteck Next, D\u00e1rio Produ\u00e7\u00f5es, entre outras. Clique aqui para conferir a lista completa e a localiza\u00e7\u00e3o das marcas no pavilh\u00e3o.<\/p>\n<p>+ Cobertura tudoradio.com: Clique aqui para conferir as mat\u00e9rias j\u00e1 publicadas sobre o SET Expo 2022<\/p>\n<p>O SET Expo 2022 &#8211; Servi\u00e7o<\/p>\n<p>O SET Expo, considerado o maior evento voltado \u00e0 \u00e1rea de comunica\u00e7\u00e3o na Am\u00e9rica Latina, ser\u00e1 realizado entre os dias 22 e 25 de agosto em S\u00e3o Paulo, no Pavilh\u00e3o Azul do Expo Center Norte (Rua Jos\u00e9 Bernardo Pinto, 333 \u2013 Vila Guilherme, zona norte da capital paulista).<\/p>\n<p>A abertura da feira ser\u00e1 no dia 23 (ter\u00e7a-feira) e o Dia do R\u00e1dio (SET R\u00e1dio) no dia 25 (quinta-feira). Para mais informa\u00e7\u00f5es e registros de participa\u00e7\u00e3o, acesse: https:\/\/set.org.br\/events\/setexpo<\/p>\n<p>Informa\u00e7\u00e3o resumida do servi\u00e7o:<\/p>\n<p>SET EXPO 2022<br \/>\nFeira: 23 a 25 de Agosto de 2022<br \/>\nCongresso: 22 a 25 de Agosto de 2022<br \/>\nOnde: Pavilh\u00e3o Azul do Centro de Conven\u00e7\u00f5es do Expo Center Norte<br \/>\nRua Jos\u00e9 Bernardo Pinto, 333 \u2013 Vila Guilherme \u2013 S\u00e3o Paulo \u2013 SP<\/p>\n<p><img fetchpriority=\"high\" decoding=\"async\" class=\"wp-image-18413 aligncenter\" src=\"https:\/\/www.sertsc.org.br\/site\/wp-content\/uploads\/2022\/08\/Aniversario-Email-22-8-1-300x200.png\" alt=\"\" width=\"494\" height=\"329\" \/><\/p>\n<p>Fonte: Tudo R\u00e1dio.<\/p>\n","protected":false},"excerpt":{"rendered":"<p>Hoje (23) abre oficialmente a feira de neg\u00f3cios e servi\u00e7os&hellip;<\/p>\n<p> <a class=\"more-link\" href=\"https:\/\/sertsc.org.br\/site\/set-expo-congresso-iniciou-nesta-segunda-feira-e-feira-abre-hoje\/\">Leia mais<\/a><\/p>\n","protected":false},"author":1,"featured_media":18412,"comment_status":"open","ping_status":"open","sticky":false,"template":"","format":"standard","meta":{"footnotes":""},"categories":[33,3],"tags":[],"class_list":{"0":"post-18411","1":"post","2":"type-post","3":"status-publish","4":"format-standard","5":"has-post-thumbnail","7":"category-destaques","8":"category-noticias"},"_links":{"self":[{"href":"https:\/\/sertsc.org.br\/site\/wp-json\/wp\/v2\/posts\/18411","targetHints":{"allow":["GET"]}}],"collection":[{"href":"https:\/\/sertsc.org.br\/site\/wp-json\/wp\/v2\/posts"}],"about":[{"href":"https:\/\/sertsc.org.br\/site\/wp-json\/wp\/v2\/types\/post"}],"author":[{"embeddable":true,"href":"https:\/\/sertsc.org.br\/site\/wp-json\/wp\/v2\/users\/1"}],"replies":[{"embeddable":true,"href":"https:\/\/sertsc.org.br\/site\/wp-json\/wp\/v2\/comments?post=18411"}],"version-history":[{"count":0,"href":"https:\/\/sertsc.org.br\/site\/wp-json\/wp\/v2\/posts\/18411\/revisions"}],"wp:featuredmedia":[{"embeddable":true,"href":"https:\/\/sertsc.org.br\/site\/wp-json\/"}],"wp:attachment":[{"href":"https:\/\/sertsc.org.br\/site\/wp-json\/wp\/v2\/media?parent=18411"}],"wp:term":[{"taxonomy":"category","embeddable":true,"href":"https:\/\/sertsc.org.br\/site\/wp-json\/wp\/v2\/categories?post=18411"},{"taxonomy":"post_tag","embeddable":true,"href":"https:\/\/sertsc.org.br\/site\/wp-json\/wp\/v2\/tags?post=18411"}],"curies":[{"name":"wp","href":"https:\/\/api.w.org\/{rel}","templated":true}]}}