{"id":18405,"date":"2022-08-22T08:48:08","date_gmt":"2022-08-22T11:48:08","guid":{"rendered":"https:\/\/www.sertsc.org.br\/site\/?p=18405"},"modified":"2022-08-22T08:48:08","modified_gmt":"2022-08-22T11:48:08","slug":"set-expo-2022-abertura-do-set-expo-2022-sera-nesta-terca-feira-23-e-contara-com-a-presenca-de-autoridades-do-setor","status":"publish","type":"post","link":"https:\/\/sertsc.org.br\/site\/set-expo-2022-abertura-do-set-expo-2022-sera-nesta-terca-feira-23-e-contara-com-a-presenca-de-autoridades-do-setor\/","title":{"rendered":"SET Expo 2022 | Abertura do SET Expo 2022 ser\u00e1 nesta ter\u00e7a-feira (23) e contar\u00e1 com a presen\u00e7a de autoridades do setor"},"content":{"rendered":"<p>S\u00e3o Paulo &#8211; Congresso ter\u00e1 in\u00edcio no dia 22 de agosto e, a feira, come\u00e7a no dia seguinte<\/p>\n<p>O SET Expo, considerado como o maior e mais importante evento do setor de M\u00eddia e Entretenimento da Am\u00e9rica Latina volta a ser realizado de forma presencial &#8211; ap\u00f3s dois anos suspenso devido a pandemia do coronav\u00edrus -, a partir desta segunda-feira (22). O SET Expo contar\u00e1 com profissionais e empresas do setor que buscam novidades, conhecimento e oportunidades de neg\u00f3cios. Al\u00e9m do congresso que come\u00e7a na segunda-feira, a feira come\u00e7a no dia seguinte, 23 de agosto, quando tamb\u00e9m ocorre a cerim\u00f4nia de abertura.<\/p>\n<p>A cerim\u00f4nia contar\u00e1 com a presen\u00e7a de autoridades do setor do Brasil e do exterior, e far\u00e1 uma celebra\u00e7\u00e3o ao futuro das tecnologias que levam conte\u00fado audiovisual aos consumidores em todo o mundo. Carlos Fini, Presidente da SET, far\u00e1 o discurso inicial. Durante o evento tamb\u00e9m haver\u00e1 o discurso do Secret\u00e1rio de Radiodifus\u00e3o do Minist\u00e9rio das Comunica\u00e7\u00f5es (MCom), Maximiliano Salvadori Martinh\u00e3o, acompanhado do Presidente da Anatel, Carlos Baigorri.<\/p>\n<p>Ainda durante a abertura, os convidados ter\u00e3o a oportunidade de ouvir as palavras de profissionais de outros pa\u00edses, como Madeleine Noland (Presidente do ATSC), Fiore Mangone (Diretor Executivo da Qualcomm \u2013 5G Broadcast), Luiz Claudio Costa (Presidente do F\u00f3rum SBTVD), de Masayuki Takada (Diretor Executivo do DiBEG) e de Hiroshi Yoshida (Vice-Ministro do MIC do Jap\u00e3o).<\/p>\n<p>\u00c9 esperada tamb\u00e9m a presen\u00e7a do Ministro das Comunica\u00e7\u00f5es, F\u00e1bio Faria, para o tradicional corte da fita que marca oficialmente a inaugura\u00e7\u00e3o da edi\u00e7\u00e3o 2022 do evento SET Expo 2022.<\/p>\n<p>Cerim\u00f4nia de Abertura do SET Expo 2022<\/p>\n<p>Data: 23 de agosto de 2022<br \/>\nHor\u00e1rio: 9h<br \/>\nLocal: Pavilh\u00e3o Azul \u2013 Expo Center Norte \u2013 1o. andar (Sala 1) \u2013 S\u00e3o Paulo \u2013 SP<br \/>\nDiscurso do Presidente da SET, Carlos Fini<br \/>\nParticipa\u00e7\u00e3o do representante do Minist\u00e9rio das Comunica\u00e7\u00f5es, presidente da Anatel e presidente da Ancine.<\/p>\n<p>O Dia do R\u00e1dio no SET Expo<\/p>\n<p>Na quinta-feira, dia 25, o r\u00e1dio ter\u00e1 a sala 1 totalmente voltada \u00e0 assuntos de interesse para o setor. Assuntos como forma\u00e7\u00e3o de redes, distribui\u00e7\u00e3o e gera\u00e7\u00e3o de conte\u00fado multiplataforma, regulat\u00f3rio, novidades na \u00e1rea de transmiss\u00e3o, entre outros pontos, ser\u00e3o debatidos na programa\u00e7\u00e3o deste dia.<\/p>\n<p>N\u00e3o ser\u00e1 a primeira vez que o SET Expo ter\u00e1 um dia voltado ao r\u00e1dio em uma das salas destinadas ao congresso. Nas edi\u00e7\u00f5es presenciais anteriores o meio foi novamente destaque na programa\u00e7\u00e3o, contando com uma ampla presen\u00e7a de radiodifusores e profissionais da ind\u00fastria de r\u00e1dio. Todas as programa\u00e7\u00f5es do Dia do R\u00e1dio contaram com a sala cheia.<\/p>\n<p>O tudoradio.com atuar\u00e1 como media partner do SET Expo 2022. O portal tamb\u00e9m esteve presente como apoiador na divulga\u00e7\u00e3o da programa\u00e7\u00e3o nas edi\u00e7\u00f5es de 2017, 2018 e 2019. J\u00e1 a cobertura da feira e do congresso ocorre de forma ininterrupta pela equipe do portal desde 2009.<\/p>\n<p>J\u00e1 a feira de servi\u00e7os contar\u00e1 com diversas empresas voltadas ao mercado de r\u00e1dio. Entre as marcas confirmadas est\u00e3o a Cadena Sistemas, Sinteck Next, D\u00e1rio Produ\u00e7\u00f5es, entre outras. Clique aqui para conferir a lista completa e a localiza\u00e7\u00e3o das marcas no pavilh\u00e3o.<\/p>\n<p>O SET Expo 2022 &#8211; Servi\u00e7o<\/p>\n<p>O SET Expo, considerado o maior evento voltado \u00e0 \u00e1rea de comunica\u00e7\u00e3o na Am\u00e9rica Latina, ser\u00e1 realizado entre os dias 22 e 25 de agosto em S\u00e3o Paulo, no Pavilh\u00e3o Azul do Expo Center Norte (Rua Jos\u00e9 Bernardo Pinto, 333 \u2013 Vila Guilherme, zona norte da capital paulista).<\/p>\n<p>A abertura da feira ser\u00e1 no dia 23 (ter\u00e7a-feira) e o Dia do R\u00e1dio (SET R\u00e1dio) no dia 25 (quinta-feira). Para mais informa\u00e7\u00f5es e registros de participa\u00e7\u00e3o, acesse: https:\/\/set.org.br\/events\/setexpo<\/p>\n<p>Informa\u00e7\u00e3o resumida do servi\u00e7o:<\/p>\n<p>SET EXPO 2022<br \/>\nFeira: 23 a 25 de Agosto de 2022<br \/>\nCongresso: 22 a 25 de Agosto de 2022<br \/>\nOnde: Pavilh\u00e3o Azul do Centro de Conven\u00e7\u00f5es do Expo Center Norte<br \/>\nRua Jos\u00e9 Bernardo Pinto, 333 \u2013 Vila Guilherme \u2013 S\u00e3o Paulo \u2013 SP<\/p>\n<p><img fetchpriority=\"high\" decoding=\"async\" class=\"wp-image-18406 aligncenter\" src=\"https:\/\/www.sertsc.org.br\/site\/wp-content\/uploads\/2022\/08\/Aniversario-Email-22-6-1-300x200.png\" alt=\"\" width=\"498\" height=\"332\" \/><\/p>\n<p>Fonte: Tudo R\u00e1dio.<\/p>\n","protected":false},"excerpt":{"rendered":"<p>S\u00e3o Paulo &#8211; Congresso ter\u00e1 in\u00edcio no dia 22 de&hellip;<\/p>\n<p> <a class=\"more-link\" href=\"https:\/\/sertsc.org.br\/site\/set-expo-2022-abertura-do-set-expo-2022-sera-nesta-terca-feira-23-e-contara-com-a-presenca-de-autoridades-do-setor\/\">Leia mais<\/a><\/p>\n","protected":false},"author":1,"featured_media":18406,"comment_status":"open","ping_status":"open","sticky":false,"template":"","format":"standard","meta":{"footnotes":""},"categories":[33,3],"tags":[],"class_list":{"0":"post-18405","1":"post","2":"type-post","3":"status-publish","4":"format-standard","5":"has-post-thumbnail","7":"category-destaques","8":"category-noticias"},"_links":{"self":[{"href":"https:\/\/sertsc.org.br\/site\/wp-json\/wp\/v2\/posts\/18405","targetHints":{"allow":["GET"]}}],"collection":[{"href":"https:\/\/sertsc.org.br\/site\/wp-json\/wp\/v2\/posts"}],"about":[{"href":"https:\/\/sertsc.org.br\/site\/wp-json\/wp\/v2\/types\/post"}],"author":[{"embeddable":true,"href":"https:\/\/sertsc.org.br\/site\/wp-json\/wp\/v2\/users\/1"}],"replies":[{"embeddable":true,"href":"https:\/\/sertsc.org.br\/site\/wp-json\/wp\/v2\/comments?post=18405"}],"version-history":[{"count":0,"href":"https:\/\/sertsc.org.br\/site\/wp-json\/wp\/v2\/posts\/18405\/revisions"}],"wp:featuredmedia":[{"embeddable":true,"href":"https:\/\/sertsc.org.br\/site\/wp-json\/"}],"wp:attachment":[{"href":"https:\/\/sertsc.org.br\/site\/wp-json\/wp\/v2\/media?parent=18405"}],"wp:term":[{"taxonomy":"category","embeddable":true,"href":"https:\/\/sertsc.org.br\/site\/wp-json\/wp\/v2\/categories?post=18405"},{"taxonomy":"post_tag","embeddable":true,"href":"https:\/\/sertsc.org.br\/site\/wp-json\/wp\/v2\/tags?post=18405"}],"curies":[{"name":"wp","href":"https:\/\/api.w.org\/{rel}","templated":true}]}}