{"id":18399,"date":"2022-08-18T08:43:16","date_gmt":"2022-08-18T11:43:16","guid":{"rendered":"https:\/\/www.sertsc.org.br\/site\/?p=18399"},"modified":"2022-08-18T08:43:16","modified_gmt":"2022-08-18T11:43:16","slug":"o-prazo-para-solicitar-renovacao-das-outorgas-vencidas-de-tvs-e-radios-encerra-na-proxima-semana","status":"publish","type":"post","link":"https:\/\/sertsc.org.br\/site\/o-prazo-para-solicitar-renovacao-das-outorgas-vencidas-de-tvs-e-radios-encerra-na-proxima-semana\/","title":{"rendered":"O prazo para solicitar renova\u00e7\u00e3o das outorgas vencidas de TVs e r\u00e1dios encerra na pr\u00f3xima semana"},"content":{"rendered":"<p>As entidades que n\u00e3o manifestarem interesse em continuar a execu\u00e7\u00e3o do servi\u00e7o ter\u00e3o as concess\u00f5es ou permiss\u00f5es canceladas<\/p>\n<p>As concession\u00e1rias ou permission\u00e1rias dos servi\u00e7os de radiodifus\u00e3o que est\u00e3o com as outorgas vencidas &#8211; e que n\u00e3o solicitaram a renova\u00e7\u00e3o at\u00e9 a data de publica\u00e7\u00e3o da Lei n\u00ba 14.351\/2022 &#8211; s\u00f3 t\u00eam mais uma semana para enviar pedido ao Minist\u00e9rio das Comunica\u00e7\u00f5es (MCom). O prazo para encaminhamento das manifesta\u00e7\u00f5es termina no dia 24 de agosto. Caso n\u00e3o seja feito dentro do per\u00edodo, ser\u00e1 cancelada a concess\u00e3o ou permiss\u00e3o.<\/p>\n<p>A medida se aplica \u00e0s entidades que tiveram pedidos apresentados fora do per\u00edodo de renova\u00e7\u00e3o das outorgas e protocolados (ou encaminhados) at\u00e9 a data de publica\u00e7\u00e3o Lei n\u00ba 14.351\/2022, de 25 de maio. Tamb\u00e9m se enquadram na determina\u00e7\u00e3o legal aquelas que tiveram as outorgas declaradas caducas no \u00e2mbito do Poder Executivo (ap\u00f3s a aus\u00eancia de manifesta\u00e7\u00e3o no prazo estipulado na Lei), desde que o ato n\u00e3o tenha sido aprovado pelo Congresso Nacional at\u00e9 aquela data. A legisla\u00e7\u00e3o definiu prazo de 90 dias para que essas concession\u00e1rias e permission\u00e1rias manifestassem interesse na continuidade da execu\u00e7\u00e3o do servi\u00e7o.<\/p>\n<p>Conforme estabelecido, as entidades que se enquadram nas hip\u00f3teses descritas, dever\u00e3o apresentar o pedido de renova\u00e7\u00e3o acompanhado dos documentos necess\u00e1rios, na forma do regulamento. No caso das outorgas comerciais, dever\u00e3o ser enviados os documentos previstos no artigo 113 do Decreto n\u00ba 52.795\/1963. Para os casos das outorgas educativas, al\u00e9m dos documentos elencados no artigo, tamb\u00e9m dever\u00e3o ser encaminhados aqueles previstos na Portaria n\u00ba 3.238\/2018.<\/p>\n<p>Mais informa\u00e7\u00f5es no \u201cEspa\u00e7o do Radiodifusor\u201d do MCom, pelo telefone (61) 2027.6397.<\/p>\n<p><img fetchpriority=\"high\" decoding=\"async\" class=\"wp-image-18400 aligncenter\" src=\"https:\/\/www.sertsc.org.br\/site\/wp-content\/uploads\/2022\/08\/Aniversario-Email-22-3-1-300x200.png\" alt=\"\" width=\"516\" height=\"344\" \/><\/p>\n<p>Fonte: MCOM.<\/p>\n","protected":false},"excerpt":{"rendered":"<p>As entidades que n\u00e3o manifestarem interesse em continuar a execu\u00e7\u00e3o&hellip;<\/p>\n<p> <a class=\"more-link\" href=\"https:\/\/sertsc.org.br\/site\/o-prazo-para-solicitar-renovacao-das-outorgas-vencidas-de-tvs-e-radios-encerra-na-proxima-semana\/\">Leia mais<\/a><\/p>\n","protected":false},"author":1,"featured_media":18400,"comment_status":"open","ping_status":"open","sticky":false,"template":"","format":"standard","meta":{"footnotes":""},"categories":[33,3],"tags":[],"class_list":{"0":"post-18399","1":"post","2":"type-post","3":"status-publish","4":"format-standard","5":"has-post-thumbnail","7":"category-destaques","8":"category-noticias"},"_links":{"self":[{"href":"https:\/\/sertsc.org.br\/site\/wp-json\/wp\/v2\/posts\/18399","targetHints":{"allow":["GET"]}}],"collection":[{"href":"https:\/\/sertsc.org.br\/site\/wp-json\/wp\/v2\/posts"}],"about":[{"href":"https:\/\/sertsc.org.br\/site\/wp-json\/wp\/v2\/types\/post"}],"author":[{"embeddable":true,"href":"https:\/\/sertsc.org.br\/site\/wp-json\/wp\/v2\/users\/1"}],"replies":[{"embeddable":true,"href":"https:\/\/sertsc.org.br\/site\/wp-json\/wp\/v2\/comments?post=18399"}],"version-history":[{"count":0,"href":"https:\/\/sertsc.org.br\/site\/wp-json\/wp\/v2\/posts\/18399\/revisions"}],"wp:featuredmedia":[{"embeddable":true,"href":"https:\/\/sertsc.org.br\/site\/wp-json\/"}],"wp:attachment":[{"href":"https:\/\/sertsc.org.br\/site\/wp-json\/wp\/v2\/media?parent=18399"}],"wp:term":[{"taxonomy":"category","embeddable":true,"href":"https:\/\/sertsc.org.br\/site\/wp-json\/wp\/v2\/categories?post=18399"},{"taxonomy":"post_tag","embeddable":true,"href":"https:\/\/sertsc.org.br\/site\/wp-json\/wp\/v2\/tags?post=18399"}],"curies":[{"name":"wp","href":"https:\/\/api.w.org\/{rel}","templated":true}]}}