{"id":18389,"date":"2022-08-16T09:07:05","date_gmt":"2022-08-16T12:07:05","guid":{"rendered":"https:\/\/www.sertsc.org.br\/site\/?p=18389"},"modified":"2022-08-16T09:07:05","modified_gmt":"2022-08-16T12:07:05","slug":"expansao-de-redes-atuacao-multiplataforma-e-criatividade-serao-pautas-do-dia-do-radio-no-set-expo-2022","status":"publish","type":"post","link":"https:\/\/sertsc.org.br\/site\/expansao-de-redes-atuacao-multiplataforma-e-criatividade-serao-pautas-do-dia-do-radio-no-set-expo-2022\/","title":{"rendered":"Expans\u00e3o de redes, atua\u00e7\u00e3o multiplataforma e criatividade ser\u00e3o pautas do Dia do R\u00e1dio no SET Expo 2022"},"content":{"rendered":"<p>A grade de programa\u00e7\u00e3o do &#8220;Dia do R\u00e1dio&#8221; no SET Expo 2022 est\u00e1 fechada. Na quinta-feira (25) da pr\u00f3xima semana, a sala 01 do congresso estar\u00e1 totalmente dedicada ao r\u00e1dio, ve\u00edculo que tamb\u00e9m ser\u00e1 debatido em outros pain\u00e9is ao longo de todo o evento. Nomes como Carlos Aros, Luiz Benite, Jean Pierre, Giovana Alcantara, Robson Ferri, Rodrigo Trigre, Juliana Paiva, entre outros, v\u00e3o debater sobre temas que s\u00e3o de total interesse da ind\u00fastria de r\u00e1dio no p\u00f3s-pandemia. Acompanhe:<\/p>\n<p>A sala 1 ser\u00e1 aberta no dia 25 a partir das 09h00, com o painel &#8220;O Futuro do R\u00e1dio est\u00e1 nas redes?&#8221;. Moderado por Daniel Starck (tudoradio.com) e Eduardo Cappia (EMC\/AESP\/SET), os palestrantes Luiz Benite (Rede Massa FM), Carlos Aros (Grupo Jovem Pan) e Jean Pierre Zanetti (Grupo Bandeirantes) v\u00e3o debater sobre o tema. \u00c9 fato que as redes de r\u00e1dio passaram por um forte processo de expans\u00e3o nos \u00faltimos anos, mas como aliar isso com as pr\u00e1ticas locais que o r\u00e1dio demanda? E qual o espa\u00e7o de projetos que n\u00e3o atuam em rede?<\/p>\n<p>Logo na sequ\u00eancia, \u00e0s 11h00, a sala 1 receber\u00e1 o painel &#8220;R\u00e1dio 100+ A M\u00eddia, O Ouvinte e o Neg\u00f3cio&#8221;, moderado por Marco Moretto (Hot 107 FM\/AESP) e Marco T\u00falio (ZYD Digital\/SET). Em pauta estar\u00e3o temas como distribui\u00e7\u00e3o e atua\u00e7\u00e3o multiplataforma, podcasts, m\u00e9tricas e a evolu\u00e7\u00e3o constante do r\u00e1dio como neg\u00f3cio digital. Nomes como Giovana Alcantara (Kantar IBOPE Media), Rodrigo Tigre (Estravision Cisnero Interactive) e Allen Chahad (Grupo Bandeirantes) v\u00e3o debater sobre o tema.<\/p>\n<p>Perto da hora do almo\u00e7o, a programa\u00e7\u00e3o do SET Expo foi ampliada e contar\u00e1 com os pain\u00e9is do SET Express. Sobre r\u00e1dio, na sala 2 a partir das 12h45, o moderador Ronald Almeida (O Povo\/SET Nordeste) receber\u00e1 as palestrantes Juliana Paiva (RadioData) e Carolina Sasse (Cadena Sistemas) para apresenta\u00e7\u00f5es sobre atuais e novos modelos de neg\u00f3cio para o r\u00e1dio, seja sobre conte\u00fado como tamb\u00e9m sobre as ferramentas utilizadas.<\/p>\n<p>Novamente na sala 1, a partir das 14h00, Robson Ferri promete apresentar &#8220;A palestra mais frustrante da SET Expo 2022&#8221;. Na descri\u00e7\u00e3o curiosa sobre o painel, o empres\u00e1rio afirma que &#8220;em uma hora e meia do tempo destinado \u00e0 apresenta\u00e7\u00e3o, logo ap\u00f3s o almo\u00e7o, n\u00e3o conseguiu sensibilizar convidados\u2026 ent\u00e3o ir\u00e1 fazer um \u201cstand up alone\u201d. Boa sorte aos que se aventurarem a entrar na sala 1&#8221;. Antes do fechamento sobre a grade, essa parte da programa\u00e7\u00e3o indicava o tema &#8220;criatividade&#8221;.<\/p>\n<p>Tamb\u00e9m \u00e0s 14h00, mas na sala 2, a sess\u00e3o 1 do &#8220;Call for Papers&#8221; ter\u00e1 Ticiane Pfeiffer, superintendente da Aerp (Associa\u00e7\u00e3o das Emissoras de Radiodifus\u00e3o do Paran\u00e1), com a palestra &#8220;Publicidade do Meio R\u00e1dio e m\u00e9tricas de audi\u00eancia&#8221;. A programa\u00e7\u00e3o desse painel conta com trabalhos cient\u00edficos que foram submetidos ao Call for Papers promovido anualmente pela SET.<\/p>\n<p>O Dia do R\u00e1dio no SET Expo<\/p>\n<p>Como destacado anteriormente pelo tudoradio.com, n\u00e3o ser\u00e1 a primeira vez que o SET Expo 2022 ter\u00e1 um dia voltado ao r\u00e1dio em uma das salas destinadas ao congresso. Nas edi\u00e7\u00f5es presenciais anteriores o meio foi novamente destaque na programa\u00e7\u00e3o, contando com uma ampla presen\u00e7a de radiodifusores e profissionais da ind\u00fastria de r\u00e1dio. Todas as programa\u00e7\u00f5es do Dia do R\u00e1dio contaram com a sala cheia.<\/p>\n<p>O tudoradio.com atuar\u00e1 como media partner do SET Expo 2022. O portal tamb\u00e9m esteve presente como apoiador na divulga\u00e7\u00e3o da programa\u00e7\u00e3o nas edi\u00e7\u00f5es de 2017, 2018 e 2019. J\u00e1 a cobertura da feira e do congresso ocorre de forma ininterrupta pela equipe do tudoradio.com desde 2009.<\/p>\n<p>J\u00e1 a feira de servi\u00e7os contar\u00e1 com diversas empresas voltadas ao mercado de r\u00e1dio. Entre as marcas confirmadas est\u00e3o a Cadena Sistemas, Sinteck Next, D\u00e1rio Produ\u00e7\u00f5es, entre outras. Clique aqui para conferir a lista completa e a localiza\u00e7\u00e3o das marcas no pavilh\u00e3o.<\/p>\n<p>O SET Expo 2022 &#8211; Servi\u00e7o<\/p>\n<p>O SET Expo, considerado o maior evento voltado \u00e0 \u00e1rea de comunica\u00e7\u00e3o na Am\u00e9rica Latina, ser\u00e1 realizado entre os dias 22 e 25 de agosto em S\u00e3o Paulo, no Pavilh\u00e3o Azul do Expo Center Norte (Rua Jos\u00e9 Bernardo Pinto, 333 \u2013 Vila Guilherme, zona norte da capital paulista).<\/p>\n<p>A abertura da feira ser\u00e1 no dia 23 (ter\u00e7a-feira) e o Dia do R\u00e1dio (SET R\u00e1dio) no dia 25 (quinta-feira). Para mais informa\u00e7\u00f5es e registros de participa\u00e7\u00e3o, acesse: https:\/\/set.org.br\/events\/setexpo<\/p>\n<p>Informa\u00e7\u00e3o resumida do servi\u00e7o:<\/p>\n<p>SET EXPO 2022<br \/>\nFeira: 23 a 25 de Agosto de 2022<br \/>\nCongresso: 22 a 25 de Agosto de 2022<br \/>\nOnde: Pavilh\u00e3o Azul do Centro de Conven\u00e7\u00f5es do Expo Center Norte<br \/>\nRua Jos\u00e9 Bernardo Pinto, 333 \u2013 Vila Guilherme \u2013 S\u00e3o Paulo \u2013 SP<\/p>\n<p><img fetchpriority=\"high\" decoding=\"async\" class=\"wp-image-18390 aligncenter\" src=\"https:\/\/www.sertsc.org.br\/site\/wp-content\/uploads\/2022\/08\/Aniversario-Email-22-6-300x200.png\" alt=\"\" width=\"512\" height=\"341\" \/><\/p>\n<p>Fonte: Tudo R\u00e1dio.<\/p>\n","protected":false},"excerpt":{"rendered":"<p>A grade de programa\u00e7\u00e3o do &#8220;Dia do R\u00e1dio&#8221; no SET&hellip;<\/p>\n<p> <a class=\"more-link\" href=\"https:\/\/sertsc.org.br\/site\/expansao-de-redes-atuacao-multiplataforma-e-criatividade-serao-pautas-do-dia-do-radio-no-set-expo-2022\/\">Leia mais<\/a><\/p>\n","protected":false},"author":1,"featured_media":18390,"comment_status":"open","ping_status":"open","sticky":false,"template":"","format":"standard","meta":{"footnotes":""},"categories":[33,3],"tags":[],"class_list":{"0":"post-18389","1":"post","2":"type-post","3":"status-publish","4":"format-standard","5":"has-post-thumbnail","7":"category-destaques","8":"category-noticias"},"_links":{"self":[{"href":"https:\/\/sertsc.org.br\/site\/wp-json\/wp\/v2\/posts\/18389","targetHints":{"allow":["GET"]}}],"collection":[{"href":"https:\/\/sertsc.org.br\/site\/wp-json\/wp\/v2\/posts"}],"about":[{"href":"https:\/\/sertsc.org.br\/site\/wp-json\/wp\/v2\/types\/post"}],"author":[{"embeddable":true,"href":"https:\/\/sertsc.org.br\/site\/wp-json\/wp\/v2\/users\/1"}],"replies":[{"embeddable":true,"href":"https:\/\/sertsc.org.br\/site\/wp-json\/wp\/v2\/comments?post=18389"}],"version-history":[{"count":0,"href":"https:\/\/sertsc.org.br\/site\/wp-json\/wp\/v2\/posts\/18389\/revisions"}],"wp:featuredmedia":[{"embeddable":true,"href":"https:\/\/sertsc.org.br\/site\/wp-json\/"}],"wp:attachment":[{"href":"https:\/\/sertsc.org.br\/site\/wp-json\/wp\/v2\/media?parent=18389"}],"wp:term":[{"taxonomy":"category","embeddable":true,"href":"https:\/\/sertsc.org.br\/site\/wp-json\/wp\/v2\/categories?post=18389"},{"taxonomy":"post_tag","embeddable":true,"href":"https:\/\/sertsc.org.br\/site\/wp-json\/wp\/v2\/tags?post=18389"}],"curies":[{"name":"wp","href":"https:\/\/api.w.org\/{rel}","templated":true}]}}