{"id":18386,"date":"2022-08-15T15:34:57","date_gmt":"2022-08-15T18:34:57","guid":{"rendered":"https:\/\/www.sertsc.org.br\/site\/?p=18386"},"modified":"2022-08-15T15:34:57","modified_gmt":"2022-08-15T18:34:57","slug":"tecnologia-e-vista-como-agente-impulsionador-da-4a-revolucao-industrial","status":"publish","type":"post","link":"https:\/\/sertsc.org.br\/site\/tecnologia-e-vista-como-agente-impulsionador-da-4a-revolucao-industrial\/","title":{"rendered":"Tecnologia \u00e9 vista como agente impulsionador da 4\u00aa Revolu\u00e7\u00e3o Industrial"},"content":{"rendered":"<p>Estudo feito pelo Minist\u00e9rio da Economia, pela Deloitte Brasil e pelo Programa das Na\u00e7\u00f5es Unidas para o Desenvolvimento (Pnud) indica que a implanta\u00e7\u00e3o da tecnologia do 5G no Brasil pode render em torno de R$ 101 bilh\u00f5es somente para empresas, multinacionais e startups at\u00e9 2031.<\/p>\n<p>Apenas em 2022, mais de 50 milh\u00f5es de pessoas poder\u00e3o ser atingidas, basta somente que tenham um plano de internet ofertado pelas operadoras que disponibilizam o servi\u00e7o e um aparelho compat\u00edvel com a tecnologia.<\/p>\n<p>De acordo com o ministro das Comunica\u00e7\u00f5es, F\u00e1bio Faria, que participou da abertura do Semin\u00e1rio Internacional 5G.BR, que aconteceu na quinta-feira (11), at\u00e9 o final de 2022, todas as capitais brasileiras devem receber o sinal do 5G. Faria tamb\u00e9m ressaltou a import\u00e2ncia de firmar parcerias com outros pa\u00edses para trazer cada vez mais tecnologia para o pa\u00eds.<\/p>\n<p>Com a implanta\u00e7\u00e3o do 5G no pa\u00eds, a expectativa \u00e9 que sejam criados neg\u00f3cios em diversas \u00e1reas, como intelig\u00eancia artificial, processamento de dados, ind\u00fastria, log\u00edstica, transporte, sa\u00fade, educa\u00e7\u00e3o e agroneg\u00f3cio. Tudo isso \u00e9 poss\u00edvel porque a tecnologia possuiu uma velocidade 100 vezes superior \u00e0 atual (4G) e baixa lat\u00eancia \u2013 ou seja, o menor tempo de resposta entre um comando e a execu\u00e7\u00e3o da a\u00e7\u00e3o.<\/p>\n<p>Timo Harakka, ministro do Transporte e das Comunica\u00e7\u00f5es da Finl\u00e2ndia, Yoshiaki Takeuchi, vice-ministro do Minist\u00e9rio de Assuntos Internos e Comunica\u00e7\u00f5es do Jap\u00e3o e o presidente da Associa\u00e7\u00e3o Brasileira de Desenvolvimento Industrial (ABDI), Igor Calvet, estiveram presentes no evento e dialogaram sobre os avan\u00e7os tecnol\u00f3gicos para o mercado e<br \/>\npara a popula\u00e7\u00e3o.<\/p>\n<p>A tecnologia 5G j\u00e1 come\u00e7a a ser comparada com um agente impulsionador da 4\u00aa revolu\u00e7\u00e3o industrial, por unir os mundos f\u00edsico e digital e por proporcionar o surgimento de solu\u00e7\u00f5es que otimizam o trabalho e a rotina da popula\u00e7\u00e3o, algo iniciado com o 4G h\u00e1 alguns anos. A diferen\u00e7a, agora, \u00e9 que com maior velocidade e menor tempo de resposta, os avan\u00e7os podem ser ainda maiores.<\/p>\n<p>Uma forma de mudan\u00e7a no comportamento da popula\u00e7\u00e3o deve ser observada ao longo da adapta\u00e7\u00e3o das pessoas \u00e0 nova tecnologia. \u00c0 R\u00e1dio Ag\u00eancia Nacional, um dos representantes da V2Com, Guilherme Spina, afirmou que o 5G deve mudar a forma como a ind\u00fastria se organiza, da mesma forma que o 4G impactou a forma como a popula\u00e7\u00e3o passou a se locomover, com a ajuda de aplicativos de navega\u00e7\u00e3o.<\/p>\n<p><img fetchpriority=\"high\" decoding=\"async\" class=\"wp-image-18387 aligncenter\" src=\"https:\/\/www.sertsc.org.br\/site\/wp-content\/uploads\/2022\/08\/20190708071134-1001x450-1-300x135.jpg\" alt=\"\" width=\"520\" height=\"234\" \/><\/p>\n<p>Fonte: ABRATEL.<\/p>\n","protected":false},"excerpt":{"rendered":"<p>Estudo feito pelo Minist\u00e9rio da Economia, pela Deloitte Brasil e&hellip;<\/p>\n<p> <a class=\"more-link\" href=\"https:\/\/sertsc.org.br\/site\/tecnologia-e-vista-como-agente-impulsionador-da-4a-revolucao-industrial\/\">Leia mais<\/a><\/p>\n","protected":false},"author":1,"featured_media":18387,"comment_status":"open","ping_status":"open","sticky":false,"template":"","format":"standard","meta":{"footnotes":""},"categories":[33,3],"tags":[],"class_list":{"0":"post-18386","1":"post","2":"type-post","3":"status-publish","4":"format-standard","5":"has-post-thumbnail","7":"category-destaques","8":"category-noticias"},"_links":{"self":[{"href":"https:\/\/sertsc.org.br\/site\/wp-json\/wp\/v2\/posts\/18386","targetHints":{"allow":["GET"]}}],"collection":[{"href":"https:\/\/sertsc.org.br\/site\/wp-json\/wp\/v2\/posts"}],"about":[{"href":"https:\/\/sertsc.org.br\/site\/wp-json\/wp\/v2\/types\/post"}],"author":[{"embeddable":true,"href":"https:\/\/sertsc.org.br\/site\/wp-json\/wp\/v2\/users\/1"}],"replies":[{"embeddable":true,"href":"https:\/\/sertsc.org.br\/site\/wp-json\/wp\/v2\/comments?post=18386"}],"version-history":[{"count":0,"href":"https:\/\/sertsc.org.br\/site\/wp-json\/wp\/v2\/posts\/18386\/revisions"}],"wp:featuredmedia":[{"embeddable":true,"href":"https:\/\/sertsc.org.br\/site\/wp-json\/"}],"wp:attachment":[{"href":"https:\/\/sertsc.org.br\/site\/wp-json\/wp\/v2\/media?parent=18386"}],"wp:term":[{"taxonomy":"category","embeddable":true,"href":"https:\/\/sertsc.org.br\/site\/wp-json\/wp\/v2\/categories?post=18386"},{"taxonomy":"post_tag","embeddable":true,"href":"https:\/\/sertsc.org.br\/site\/wp-json\/wp\/v2\/tags?post=18386"}],"curies":[{"name":"wp","href":"https:\/\/api.w.org\/{rel}","templated":true}]}}