{"id":18383,"date":"2022-08-15T15:30:29","date_gmt":"2022-08-15T18:30:29","guid":{"rendered":"https:\/\/www.sertsc.org.br\/site\/?p=18383"},"modified":"2022-08-15T15:30:29","modified_gmt":"2022-08-15T18:30:29","slug":"nesta-terca-feira-inicia-a-propaganda-eleitoral-e-no-dia-26-de-agosto-o-horario-gratuito-no-radio-e-na-tv","status":"publish","type":"post","link":"https:\/\/sertsc.org.br\/site\/nesta-terca-feira-inicia-a-propaganda-eleitoral-e-no-dia-26-de-agosto-o-horario-gratuito-no-radio-e-na-tv\/","title":{"rendered":"Nesta ter\u00e7a-feira inicia a propaganda eleitoral e no dia 26 de agosto o hor\u00e1rio gratuito no r\u00e1dio e na TV"},"content":{"rendered":"<p>As candidaturas a presidente e a vice-presidente da Rep\u00fablica, governadores e vice-governadores, senadores e respectivos suplentes, deputados federais e deputados estaduais ou distritais tem o prazo de registro at\u00e9 hoje, 15 de agosto. Nesta ter\u00e7a-feira inicia a propaganda eleitoral dos candidatos, incluindo divulga\u00e7\u00e3o na internet e por alto-falantes, caminhadas, carreatas ou passeatas. O per\u00edodo da propaganda finda em 1\u00ba de outubro, v\u00e9spera do primeiro turno das elei\u00e7\u00f5es, que acontece no dia 2 de outubro.<\/p>\n<p>Em 26 de agosto, come\u00e7a o hor\u00e1rio eleitoral gratuito no r\u00e1dio e na televis\u00e3o, que se estende at\u00e9 30 de setembro para os candidatos que concorrem ao primeiro turno.<\/p>\n<p>O segundo turno ser\u00e1 realizado no dia 30 do mesmo m\u00eas, caso nenhum candidato alcance maioria absoluta dos votos v\u00e1lidos na primeira vota\u00e7\u00e3o, conforme estabelece o artigo 77 da Constitui\u00e7\u00e3o.<\/p>\n<p>As regras da propaganda eleitoral a serem seguidas pelos candidatos e observadas pelos eleitores encontram-se em cartilha lan\u00e7ada pelo Tribunal Regional do Distrito Federal (TRE-DF), que podem ser aplicadas \u00e0s demais unidades da Federa\u00e7\u00e3o, dado o car\u00e1ter geral das normas, de acordo com a assessoria do tribunal. A cartilha foi elaborada com base nas inova\u00e7\u00f5es ocorridas na legisla\u00e7\u00e3o eleitoral, em especial na Resolu\u00e7\u00e3o TSE n\u00ba 23.610\/2019, que\u00a0disp\u00f5e sobre propaganda eleitoral, utiliza\u00e7\u00e3o e gera\u00e7\u00e3o do hor\u00e1rio gratuito e condutas il\u00edcitas em campanha eleitoral, e no calend\u00e1rio do pleito de 2022. A cartilha pode ser acessada no site do TRE-DF, que tamb\u00e9m oferece formul\u00e1rio para den\u00fancias de propaganda eleitoral irregular.<\/p>\n<p>De acordo com as regras, ningu\u00e9m poder\u00e1 impedir a propaganda eleitoral nem inutilizar, alterar ou perturbar os meios l\u00edcitos nela empregados, bem como realizar propaganda eleitoral vedada por lei ou por resolu\u00e7\u00f5es da Justi\u00e7a Eleitoral.\u00a0A legisla\u00e7\u00e3o estabelece que a realiza\u00e7\u00e3o de qualquer ato de propaganda partid\u00e1ria ou eleitoral, em recinto aberto ou fechado, n\u00e3o depende de licen\u00e7a da pol\u00edcia. O candidato, partido pol\u00edtico, federa\u00e7\u00e3o ou coliga\u00e7\u00e3o que promover o ato far\u00e1 a devida comunica\u00e7\u00e3o \u00e0 autoridade policial com, no m\u00ednimo, 24 horas de anteced\u00eancia.<\/p>\n<p>Fake News<br \/>\nN\u00e3o poder\u00e1 haver propaganda que divulgue ou compartilhe fatos sabidamente inver\u00eddicos ou gravemente descontextualizados que atinjam a integridade do processo eleitoral; que ofere\u00e7a, prometa ou solicite dinheiro, d\u00e1diva, rifa, sorteio ou vantagem de qualquer natureza; que perturbe o sossego p\u00fablico, com algazarra, abuso de instrumentos sonoros e sinais ac\u00fasticos; ou que incite atentado contra pessoa ou bens.<\/p>\n<p>Animosidades<br \/>\nTamb\u00e9m n\u00e3o poder\u00e1 haver propaganda eleitoral que provoque animosidade entre as For\u00e7as Armadas ou contra elas, ou delas contra as classes e as institui\u00e7\u00f5es civis; que busque caluniar, difamar ou injuriar qualquer pessoa, bem como atingir \u00f3rg\u00e3os ou entidades que exer\u00e7am autoridade p\u00fablica; que deprecie a condi\u00e7\u00e3o da mulher ou estimule sua discrimina\u00e7\u00e3o em raz\u00e3o do sexo feminino, ou em rela\u00e7\u00e3o a sua cor, ra\u00e7a ou etnia; que empregue meios publicit\u00e1rios destinados a\u00a0 criar artificialmente, na opini\u00e3o p\u00fablica, estados mentais, emocionais ou passionais.<\/p>\n<p>Telemarketing<br \/>\nA legisla\u00e7\u00e3o pro\u00edbe ainda a propaganda eleitoral por meio de telemarketing em qualquer hor\u00e1rio, bem como por disparo em massa de mensagens instant\u00e2neas sem anu\u00eancia do destinat\u00e1rio.<\/p>\n<p>Luminosos<br \/>\n\u00c9 vedada propaganda eleitoral mediante outdoors, inclusive eletr\u00f4nicos, assim como a utiliza\u00e7\u00e3o de engenhos, equipamentos publicit\u00e1rios ou conjunto de pe\u00e7as de propaganda que, justapostas, assemelhem-se ou causem efeito visual de outdoor.<\/p>\n<p>Brindes<br \/>\nS\u00e3o vedadas, na campanha eleitoral, confec\u00e7\u00e3o, utiliza\u00e7\u00e3o, distribui\u00e7\u00e3o por comit\u00ea, candidato &#8211; ou com a sua autoriza\u00e7\u00e3o &#8211; de camisetas, chaveiros, bon\u00e9s, canetas, brindes, cestas b\u00e1sicas ou quaisquer outros bens ou materiais que possam proporcionar vantagem ao eleitor.<\/p>\n<p>Impressos<br \/>\nEm rela\u00e7\u00e3o \u00e0 distribui\u00e7\u00e3o de impressos, a legisla\u00e7\u00e3o permite a veicula\u00e7\u00e3o de propaganda eleitoral mediante distribui\u00e7\u00e3o de folhetos, adesivos com a dimens\u00e3o m\u00e1xima de 0,5m\u00b2 (meio metro quadrado), volantes e outros impressos, os quais devem ser editados sob a responsabilidade do partido pol\u00edtico, federa\u00e7\u00e3o, coliga\u00e7\u00e3o ou candidato, sendo-lhes facultada a impress\u00e3o em braile dos mesmos conte\u00fados.<\/p>\n<p>Adesivos em ve\u00edculos<br \/>\n\u00c9 proibido colar propaganda eleitoral em ve\u00edculos, exceto adesivos microperfurados at\u00e9 a extens\u00e3o total do parabrisa traseiro e, em outras posi\u00e7\u00f5es, adesivos\u00a0 que n\u00e3o excedam a 0,5m\u00b2 (meio metro quadrado).<\/p>\n<p>Som<br \/>\nO funcionamento de alto-falantes ou amplificadores de som, ressalvada a hip\u00f3tese de com\u00edcio de encerramento de campanha, somente \u00e9 permitido entre as 8h e as 22h, sendo vedados a instala\u00e7\u00e3o e o uso desses equipamentos em dist\u00e2ncia inferior a 200 metros das sedes dos Poderes Executivo e Legislativo da Uni\u00e3o e do Distrito Federal, das sedes dos Tribunais Judiciais, dos quart\u00e9is e de outros estabelecimentos militares; dos hospitais e das unidades de sa\u00fade; das escolas, bibliotecas p\u00fablicas, igrejas, templos religiosos e teatros, quando em funcionamento.<\/p>\n<p>Com\u00edcios<br \/>\nA realiza\u00e7\u00e3o de com\u00edcios e a utiliza\u00e7\u00e3o de aparelhagens de sonoriza\u00e7\u00e3o fixas s\u00e3o permitidas no hor\u00e1rio compreendido entre as 8h e as 24h, com exce\u00e7\u00e3o do com\u00edcio de encerramento da campanha, que poder\u00e1 ser prorrogado por mais duas horas. \u00c9 vedada a utiliza\u00e7\u00e3o de trios el\u00e9tricos em campanhas eleitorais, exceto para a sonoriza\u00e7\u00e3o de com\u00edcios.<\/p>\n<p>Showm\u00edcios<br \/>\n\u00c9 proibida a realiza\u00e7\u00e3o de showm\u00edcio e de evento assemelhado para promo\u00e7\u00e3o de candidatos, bem como a apresenta\u00e7\u00e3o, remunerada ou n\u00e3o, de artistas com a finalidade de animar com\u00edcio e reuni\u00e3o eleitoral.<\/p>\n<p>Atos do governo<br \/>\nA publicidade dos atos, programas, obras, servi\u00e7os e campanhas dos \u00f3rg\u00e3os p\u00fablicos dever\u00e1 ter car\u00e1ter educativo, informativo ou de orienta\u00e7\u00e3o social, dela n\u00e3o podendo constar nomes, s\u00edmbolos ou imagens que caracterizem promo\u00e7\u00e3o pessoal de autoridades ou de servidores p\u00fablicos, configurando abuso de autoridade a publicidade diversa da permitida, ficando o respons\u00e1vel, se candidato, sujeito ao cancelamento do registro de sua candidatura ou do diploma.<\/p>\n<p><img fetchpriority=\"high\" decoding=\"async\" class=\"wp-image-18384 aligncenter\" src=\"https:\/\/www.sertsc.org.br\/site\/wp-content\/uploads\/2022\/08\/1-300x203.jpg\" alt=\"\" width=\"498\" height=\"337\" \/><\/p>\n<p>Fonte: Ag\u00eancia Senado<\/p>\n","protected":false},"excerpt":{"rendered":"<p>As candidaturas a presidente e a vice-presidente da Rep\u00fablica, governadores&hellip;<\/p>\n<p> <a class=\"more-link\" href=\"https:\/\/sertsc.org.br\/site\/nesta-terca-feira-inicia-a-propaganda-eleitoral-e-no-dia-26-de-agosto-o-horario-gratuito-no-radio-e-na-tv\/\">Leia mais<\/a><\/p>\n","protected":false},"author":1,"featured_media":18384,"comment_status":"open","ping_status":"open","sticky":false,"template":"","format":"standard","meta":{"footnotes":""},"categories":[33,3],"tags":[],"class_list":{"0":"post-18383","1":"post","2":"type-post","3":"status-publish","4":"format-standard","5":"has-post-thumbnail","7":"category-destaques","8":"category-noticias"},"_links":{"self":[{"href":"https:\/\/sertsc.org.br\/site\/wp-json\/wp\/v2\/posts\/18383","targetHints":{"allow":["GET"]}}],"collection":[{"href":"https:\/\/sertsc.org.br\/site\/wp-json\/wp\/v2\/posts"}],"about":[{"href":"https:\/\/sertsc.org.br\/site\/wp-json\/wp\/v2\/types\/post"}],"author":[{"embeddable":true,"href":"https:\/\/sertsc.org.br\/site\/wp-json\/wp\/v2\/users\/1"}],"replies":[{"embeddable":true,"href":"https:\/\/sertsc.org.br\/site\/wp-json\/wp\/v2\/comments?post=18383"}],"version-history":[{"count":0,"href":"https:\/\/sertsc.org.br\/site\/wp-json\/wp\/v2\/posts\/18383\/revisions"}],"wp:featuredmedia":[{"embeddable":true,"href":"https:\/\/sertsc.org.br\/site\/wp-json\/"}],"wp:attachment":[{"href":"https:\/\/sertsc.org.br\/site\/wp-json\/wp\/v2\/media?parent=18383"}],"wp:term":[{"taxonomy":"category","embeddable":true,"href":"https:\/\/sertsc.org.br\/site\/wp-json\/wp\/v2\/categories?post=18383"},{"taxonomy":"post_tag","embeddable":true,"href":"https:\/\/sertsc.org.br\/site\/wp-json\/wp\/v2\/tags?post=18383"}],"curies":[{"name":"wp","href":"https:\/\/api.w.org\/{rel}","templated":true}]}}