{"id":18377,"date":"2022-08-11T16:11:38","date_gmt":"2022-08-11T19:11:38","guid":{"rendered":"https:\/\/www.sertsc.org.br\/site\/?p=18377"},"modified":"2022-08-11T16:11:38","modified_gmt":"2022-08-11T19:11:38","slug":"presidente-do-sert-sc-visita-emissoras-de-tv-filiadas","status":"publish","type":"post","link":"https:\/\/sertsc.org.br\/site\/presidente-do-sert-sc-visita-emissoras-de-tv-filiadas\/","title":{"rendered":"Presidente do SERT\/SC visita emissoras de tv filiadas"},"content":{"rendered":"<p>O presidente do SERT\/SC, Humberto Ohf de Andrade, inicia visitas de cortesia \u00e0s emissoras de tv filiadas. A primeira etapa aconteceu nesta quinta-feira, dia 11 de agosto, \u00e0s emissoras SCC e NSC, em Florian\u00f3polis.<\/p>\n<p>\u201cA proximidade com as filiadas mostra o respeito que o Sindicato tem \u00e0 valoriza\u00e7\u00e3o do associativismo e ao fortalecimento crescente da radiodifus\u00e3o catarinense\u201d, declara Andrade.<\/p>\n<p>Nas duas reuni\u00f5es realizadas na manh\u00e3 desta quinta, Carlos Amaral (SCC) e M\u00e1rio Neves (NSC) receberam o presidente do SERT\/SC.<\/p>\n<p><img fetchpriority=\"high\" decoding=\"async\" class=\"size-medium wp-image-18378 aligncenter\" src=\"https:\/\/www.sertsc.org.br\/site\/wp-content\/uploads\/2022\/08\/WhatsApp-Image-2022-08-11-at-15.59.59-300x300.jpeg\" alt=\"\" width=\"300\" height=\"300\" \/><\/p>\n<p style=\"text-align: center;\">Humberto Ohf de Andrade e M\u00e1rio Neves em visita do SERT\/SC a NSC.<\/p>\n<p>&nbsp;<\/p>\n<p><img decoding=\"async\" class=\"size-medium wp-image-18380 aligncenter\" src=\"https:\/\/www.sertsc.org.br\/site\/wp-content\/uploads\/2022\/08\/WhatsApp-Image-2022-08-11-at-16.00.33-300x300.jpeg\" alt=\"\" width=\"300\" height=\"300\" \/><\/p>\n<p style=\"text-align: center;\">Humberto Ohf de Andrade e Carlos Amaral em visita do SERT \/SC a SCC.<\/p>\n","protected":false},"excerpt":{"rendered":"<p>O presidente do SERT\/SC, Humberto Ohf de Andrade, inicia visitas&hellip;<\/p>\n<p> <a class=\"more-link\" href=\"https:\/\/sertsc.org.br\/site\/presidente-do-sert-sc-visita-emissoras-de-tv-filiadas\/\">Leia mais<\/a><\/p>\n","protected":false},"author":1,"featured_media":18381,"comment_status":"open","ping_status":"open","sticky":false,"template":"","format":"standard","meta":{"footnotes":""},"categories":[33,3],"tags":[],"class_list":{"0":"post-18377","1":"post","2":"type-post","3":"status-publish","4":"format-standard","5":"has-post-thumbnail","7":"category-destaques","8":"category-noticias"},"_links":{"self":[{"href":"https:\/\/sertsc.org.br\/site\/wp-json\/wp\/v2\/posts\/18377","targetHints":{"allow":["GET"]}}],"collection":[{"href":"https:\/\/sertsc.org.br\/site\/wp-json\/wp\/v2\/posts"}],"about":[{"href":"https:\/\/sertsc.org.br\/site\/wp-json\/wp\/v2\/types\/post"}],"author":[{"embeddable":true,"href":"https:\/\/sertsc.org.br\/site\/wp-json\/wp\/v2\/users\/1"}],"replies":[{"embeddable":true,"href":"https:\/\/sertsc.org.br\/site\/wp-json\/wp\/v2\/comments?post=18377"}],"version-history":[{"count":0,"href":"https:\/\/sertsc.org.br\/site\/wp-json\/wp\/v2\/posts\/18377\/revisions"}],"wp:featuredmedia":[{"embeddable":true,"href":"https:\/\/sertsc.org.br\/site\/wp-json\/"}],"wp:attachment":[{"href":"https:\/\/sertsc.org.br\/site\/wp-json\/wp\/v2\/media?parent=18377"}],"wp:term":[{"taxonomy":"category","embeddable":true,"href":"https:\/\/sertsc.org.br\/site\/wp-json\/wp\/v2\/categories?post=18377"},{"taxonomy":"post_tag","embeddable":true,"href":"https:\/\/sertsc.org.br\/site\/wp-json\/wp\/v2\/tags?post=18377"}],"curies":[{"name":"wp","href":"https:\/\/api.w.org\/{rel}","templated":true}]}}