{"id":18372,"date":"2022-08-11T14:04:58","date_gmt":"2022-08-11T17:04:58","guid":{"rendered":"https:\/\/www.sertsc.org.br\/site\/?p=18372"},"modified":"2022-08-11T14:04:58","modified_gmt":"2022-08-11T17:04:58","slug":"em-seminario-internacional-mcom-debate-o-impacto-da-chegada-do-5g-ao-brasil","status":"publish","type":"post","link":"https:\/\/sertsc.org.br\/site\/em-seminario-internacional-mcom-debate-o-impacto-da-chegada-do-5g-ao-brasil\/","title":{"rendered":"Em Semin\u00e1rio Internacional, MCom debate o impacto da chegada do 5G ao Brasil"},"content":{"rendered":"<p>Telemedicina, educa\u00e7\u00e3o, acesso livre \u00e0 internet no transporte p\u00fablico. Esses s\u00e3o alguns dos avan\u00e7os que o 5G pode possibilitar ao servi\u00e7o p\u00fablico e para o cidad\u00e3o. A quinta gera\u00e7\u00e3o da telefonia m\u00f3vel, o 5G standalone \u2013 com rede pr\u00f3pria e baix\u00edssima lat\u00eancia \u2013 foi ativado na cidade de S\u00e3o Paulo, o maior mercado de telefonia m\u00f3vel do Brasil, no \u00faltimo dia 4 de agosto. A expectativa \u00e9 que o servi\u00e7o traga uma transforma\u00e7\u00e3o para a ind\u00fastria, mas tamb\u00e9m um enorme impacto positivo para a sociedade.<\/p>\n<p>De acordo com o ministro das Comunica\u00e7\u00f5es, F\u00e1bio Faria, que participou da abertura do Semin\u00e1rio Internacional, nesta quinta-feira (11), at\u00e9 o final de 2022, todas as capitais brasileiras recebem o 5G. Ele tamb\u00e9m ressaltou a import\u00e2ncia de firmar parcerias com outros pa\u00edses para trazer cada vez mais tecnologia para o pa\u00eds.<\/p>\n<p>Tamb\u00e9m participaram da cerim\u00f4nia de abertura Timo Harakka, ministro do Transporte e das Comunica\u00e7\u00f5es da Finl\u00e2ndia; Yoshiaki Takeuchi, vice-ministro do Minist\u00e9rio de Assuntos Internos e Comunica\u00e7\u00f5es do Jap\u00e3o; e o presidente da Associa\u00e7\u00e3o Brasileira de Desenvolvimento Industrial (ABDI), Igor Calvet. Todos eles est\u00e3o inseridos na programa\u00e7\u00e3o dos pain\u00e9is que fazem parte do Semin\u00e1rio.<\/p>\n<p>SEMIN\u00c1RIOS 5G.BR \u2013 As capitais Porto Alegre, Natal, Manaus e Bras\u00edlia receber\u00e3o as pr\u00f3ximas edi\u00e7\u00f5es do Semin\u00e1rio. Para mais informa\u00e7\u00f5es sobre a atividade, as programa\u00e7\u00f5es, dados sobre os debatedores, banco de imagens e pr\u00f3ximas agendas, acesse a p\u00e1gina especial sobre o evento.<\/p>\n<p><img fetchpriority=\"high\" decoding=\"async\" class=\"wp-image-18373 aligncenter\" src=\"https:\/\/www.sertsc.org.br\/site\/wp-content\/uploads\/2022\/08\/Aniversario-Email-22-1-2-300x200.png\" alt=\"\" width=\"497\" height=\"331\" \/><\/p>\n<p>Fonte: MCOM.<\/p>\n","protected":false},"excerpt":{"rendered":"<p>Telemedicina, educa\u00e7\u00e3o, acesso livre \u00e0 internet no transporte p\u00fablico. Esses&hellip;<\/p>\n<p> <a class=\"more-link\" href=\"https:\/\/sertsc.org.br\/site\/em-seminario-internacional-mcom-debate-o-impacto-da-chegada-do-5g-ao-brasil\/\">Leia mais<\/a><\/p>\n","protected":false},"author":1,"featured_media":18373,"comment_status":"open","ping_status":"open","sticky":false,"template":"","format":"standard","meta":{"footnotes":""},"categories":[33,3],"tags":[],"class_list":{"0":"post-18372","1":"post","2":"type-post","3":"status-publish","4":"format-standard","5":"has-post-thumbnail","7":"category-destaques","8":"category-noticias"},"_links":{"self":[{"href":"https:\/\/sertsc.org.br\/site\/wp-json\/wp\/v2\/posts\/18372","targetHints":{"allow":["GET"]}}],"collection":[{"href":"https:\/\/sertsc.org.br\/site\/wp-json\/wp\/v2\/posts"}],"about":[{"href":"https:\/\/sertsc.org.br\/site\/wp-json\/wp\/v2\/types\/post"}],"author":[{"embeddable":true,"href":"https:\/\/sertsc.org.br\/site\/wp-json\/wp\/v2\/users\/1"}],"replies":[{"embeddable":true,"href":"https:\/\/sertsc.org.br\/site\/wp-json\/wp\/v2\/comments?post=18372"}],"version-history":[{"count":0,"href":"https:\/\/sertsc.org.br\/site\/wp-json\/wp\/v2\/posts\/18372\/revisions"}],"wp:featuredmedia":[{"embeddable":true,"href":"https:\/\/sertsc.org.br\/site\/wp-json\/"}],"wp:attachment":[{"href":"https:\/\/sertsc.org.br\/site\/wp-json\/wp\/v2\/media?parent=18372"}],"wp:term":[{"taxonomy":"category","embeddable":true,"href":"https:\/\/sertsc.org.br\/site\/wp-json\/wp\/v2\/categories?post=18372"},{"taxonomy":"post_tag","embeddable":true,"href":"https:\/\/sertsc.org.br\/site\/wp-json\/wp\/v2\/tags?post=18372"}],"curies":[{"name":"wp","href":"https:\/\/api.w.org\/{rel}","templated":true}]}}