{"id":18369,"date":"2022-08-11T13:56:33","date_gmt":"2022-08-11T16:56:33","guid":{"rendered":"https:\/\/www.sertsc.org.br\/site\/?p=18369"},"modified":"2022-08-11T13:56:33","modified_gmt":"2022-08-11T16:56:33","slug":"prazo-para-renovacao-de-outorga-de-radio-e-tv-que-ja-esta-vencida-termina-dia-24-de-agosto","status":"publish","type":"post","link":"https:\/\/sertsc.org.br\/site\/prazo-para-renovacao-de-outorga-de-radio-e-tv-que-ja-esta-vencida-termina-dia-24-de-agosto\/","title":{"rendered":"Prazo para renova\u00e7\u00e3o de outorga de r\u00e1dio e TV que j\u00e1 est\u00e1 vencida termina dia 24 de agosto"},"content":{"rendered":"<p>O Minist\u00e9rio das Comunica\u00e7\u00f5es (MCom) est\u00e1 alertando os radiodifusores sobre o vencimento do prazo para a renova\u00e7\u00e3o das outorgas de r\u00e1dio e TV que j\u00e1 est\u00e3o vencidas. O prazo para formalizar o pedido de renova\u00e7\u00e3o termina quarta-feira (24). A ABERT est\u00e1 com uma equipe jur\u00eddica para auxiliar os radiodifusores.<\/p>\n<p>As emissoras que est\u00e3o com as outorgas vencidas e que n\u00e3o tenham solicitado a renova\u00e7\u00e3o at\u00e9 26 de maio de 2022, data da publica\u00e7\u00e3o da Lei n\u00ba 14.351\/2022, t\u00eam at\u00e9 o dia 24 de agosto para encaminhar o pedido, sob pena de perda da outorga. O pedido deve ser formalizado por meio de requerimento disponibilizado pelo Minist\u00e9rio das Comunica\u00e7\u00f5es (MCom), acompanhado da documenta\u00e7\u00e3o prevista no Regulamento de Radiodifus\u00e3o.<\/p>\n<p>A ABERT lembra que os pedidos de renova\u00e7\u00e3o apresentados fora do prazo, protocolados ou encaminhados at\u00e9 a data de publica\u00e7\u00e3o da lei, ser\u00e3o analisados normalmente pelo MCom. O requerimento pode ser baixado neste link.<\/p>\n<p>Tamb\u00e9m ter\u00e3o prosseguimento os processos de outorgas declaradas extintas pela pasta, desde que o ato n\u00e3o tenha sido aprovado pelo Congresso Nacional at\u00e9 a data de publica\u00e7\u00e3o da lei atual. Em caso de d\u00favidas, a equipe jur\u00eddica da ABERT est\u00e1 \u00e0 disposi\u00e7\u00e3o dos associados pelo e-mail juridico@abert.org.br ou pelo telefone (61) 2104-4600.<\/p>\n<p><img fetchpriority=\"high\" decoding=\"async\" class=\"wp-image-18370 aligncenter\" src=\"https:\/\/www.sertsc.org.br\/site\/wp-content\/uploads\/2022\/08\/Aniversario-Email-22-5-300x200.png\" alt=\"\" width=\"501\" height=\"334\" \/><\/p>\n<p>Fonte: Tudo R\u00e1dio.<\/p>\n","protected":false},"excerpt":{"rendered":"<p>O Minist\u00e9rio das Comunica\u00e7\u00f5es (MCom) est\u00e1 alertando os radiodifusores sobre&hellip;<\/p>\n<p> <a class=\"more-link\" href=\"https:\/\/sertsc.org.br\/site\/prazo-para-renovacao-de-outorga-de-radio-e-tv-que-ja-esta-vencida-termina-dia-24-de-agosto\/\">Leia mais<\/a><\/p>\n","protected":false},"author":1,"featured_media":18370,"comment_status":"open","ping_status":"open","sticky":false,"template":"","format":"standard","meta":{"footnotes":""},"categories":[33,3],"tags":[],"class_list":{"0":"post-18369","1":"post","2":"type-post","3":"status-publish","4":"format-standard","5":"has-post-thumbnail","7":"category-destaques","8":"category-noticias"},"_links":{"self":[{"href":"https:\/\/sertsc.org.br\/site\/wp-json\/wp\/v2\/posts\/18369","targetHints":{"allow":["GET"]}}],"collection":[{"href":"https:\/\/sertsc.org.br\/site\/wp-json\/wp\/v2\/posts"}],"about":[{"href":"https:\/\/sertsc.org.br\/site\/wp-json\/wp\/v2\/types\/post"}],"author":[{"embeddable":true,"href":"https:\/\/sertsc.org.br\/site\/wp-json\/wp\/v2\/users\/1"}],"replies":[{"embeddable":true,"href":"https:\/\/sertsc.org.br\/site\/wp-json\/wp\/v2\/comments?post=18369"}],"version-history":[{"count":0,"href":"https:\/\/sertsc.org.br\/site\/wp-json\/wp\/v2\/posts\/18369\/revisions"}],"wp:featuredmedia":[{"embeddable":true,"href":"https:\/\/sertsc.org.br\/site\/wp-json\/"}],"wp:attachment":[{"href":"https:\/\/sertsc.org.br\/site\/wp-json\/wp\/v2\/media?parent=18369"}],"wp:term":[{"taxonomy":"category","embeddable":true,"href":"https:\/\/sertsc.org.br\/site\/wp-json\/wp\/v2\/categories?post=18369"},{"taxonomy":"post_tag","embeddable":true,"href":"https:\/\/sertsc.org.br\/site\/wp-json\/wp\/v2\/tags?post=18369"}],"curies":[{"name":"wp","href":"https:\/\/api.w.org\/{rel}","templated":true}]}}