{"id":18364,"date":"2022-08-10T12:03:09","date_gmt":"2022-08-10T15:03:09","guid":{"rendered":"https:\/\/www.sertsc.org.br\/site\/?p=18364"},"modified":"2022-08-10T12:03:09","modified_gmt":"2022-08-10T15:03:09","slug":"experiencias-internacionais-de-implantacao-do-5g-serao-debatidas-em-seminario","status":"publish","type":"post","link":"https:\/\/sertsc.org.br\/site\/experiencias-internacionais-de-implantacao-do-5g-serao-debatidas-em-seminario\/","title":{"rendered":"Experi\u00eancias internacionais de implanta\u00e7\u00e3o do 5G ser\u00e3o debatidas em Semin\u00e1rio"},"content":{"rendered":"<p>Debate ser\u00e1 realizado nesta quinta-feira (11), em S\u00e3o Paulo; painel sobre impacto global da nova tecnologia ser\u00e1 moderado pelo ministro das Comunica\u00e7\u00f5es, F\u00e1bio Faria<\/p>\n<p>e acordo com relat\u00f3rio do F\u00f3rum Econ\u00f4mico Mundial, a transforma\u00e7\u00e3o com a chegada da quinta gera\u00e7\u00e3o de internet m\u00f3vel possibilitar\u00e1 a gera\u00e7\u00e3o de mais de 22,8 milh\u00f5es de empregos em todo o mundo at\u00e9 2035. Al\u00e9m disso, a tecnologia poder\u00e1 impactar no cumprimento de 11 dos 17 Objetivos de Desenvolvimento Sustent\u00e1vel (ODS), pacto global da Organiza\u00e7\u00e3o das Na\u00e7\u00f5es Unidas (ONU) para garantir dignidade e qualidade de vida para a popula\u00e7\u00e3o mundial. Isso porque a inclus\u00e3o digital se reflete em in\u00fameras oportunidades sociais, entre elas empreendedorismo, gera\u00e7\u00e3o de renda, maior acesso \u00e0 sa\u00fade, educa\u00e7\u00e3o e crescimento econ\u00f4mico, reduzindo desigualdades e erradica\u00e7\u00e3o da pobreza.<\/p>\n<p>Para trocar experi\u00eancias no campo do desenvolvimento sustent\u00e1vel, o Semin\u00e1rio 5G.BR, promovido pelo Minist\u00e9rio das Comunica\u00e7\u00f5es (MCom), recebe o ministro do Transporte e Comunica\u00e7\u00f5es da Finl\u00e2ndia, Timo Harakka, o vice-ministro de Assuntos Internos e Comunica\u00e7\u00f5es do Jap\u00e3o, Yoshiaki Takeuchi, e a administradora adjunta de Telecomunica\u00e7\u00f5es e Informa\u00e7\u00e3o dos Estados Unidos, April McClain-Delaney. O debate ser\u00e1 moderado pelo ministro F\u00e1bio Faria, que j\u00e1 participou de miss\u00f5es na Coreia do Sul, em Israel, nos Estados Unidos, entre outros, com o objetivo de acompanhar o desenvolvimento da tecnologia nestes pa\u00edses que j\u00e1 oferecem uma navega\u00e7\u00e3o com alta velocidade, boa estabilidade de conex\u00e3o e baixa lat\u00eancia.<\/p>\n<p>O Brasil desde o \u00faltimo m\u00eas faz parte do seleto grupo de pa\u00edses (acompanhado por outras 72 na\u00e7\u00f5es) que t\u00eam o 5G ativado. Al\u00e9m de S\u00e3o Paulo, quatro cidades j\u00e1 receberam o sinal: Bras\u00edlia, Belo Horizonte, Jo\u00e3o Pessoa e Porto Alegre, e todas as capitais brasileiras devem ganhar cobertura at\u00e9 o fim de setembro. As proje\u00e7\u00f5es de investimentos s\u00e3o promissoras. Segundo levantamento preparado pelo Minist\u00e9rio da Economia, em parceria com o Programa das Na\u00e7\u00f5es Unidas para o Desenvolvimento (PNUD) e a consultoria Deloitte Brasil, o uso de solu\u00e7\u00f5es 5G pode representar um impacto de R$ 590 bilh\u00f5es por ano no pa\u00eds \u2013 levando em considera\u00e7\u00e3o aumentos de produtividade e redu\u00e7\u00e3o de custos da chamada Ind\u00fastria 4.0. Os ganhos giram em torno da amplia\u00e7\u00e3o da capacidade de processamento de dados, al\u00e9m de melhorias de efici\u00eancia e efic\u00e1cia nas opera\u00e7\u00f5es di\u00e1rias das empresas. Al\u00e9m disso, a estimativa \u00e9 de que a demanda por solu\u00e7\u00f5es 5G a empresas e startups do setor de tecnologia e telecomunica\u00e7\u00f5es tamb\u00e9m gere o montante de R$ 101 bilh\u00f5es na pr\u00f3xima d\u00e9cada.<\/p>\n<p>INSCRI\u00c7\u00d5ES \u2013 As inscri\u00e7\u00f5es para participa\u00e7\u00e3o no Semin\u00e1rio 5G.BR est\u00e3o abertas e podem ser realizadas pelo formul\u00e1rio dispon\u00edvel neste link. Al\u00e9m dos pain\u00e9is, os presentes poder\u00e3o conferir aplica\u00e7\u00f5es da tecnologia 5G e um espa\u00e7o com exposi\u00e7\u00e3o interativa.<\/p>\n<p><img fetchpriority=\"high\" decoding=\"async\" class=\"wp-image-18365 aligncenter\" src=\"https:\/\/www.sertsc.org.br\/site\/wp-content\/uploads\/2022\/08\/Ortolan-Consultoria-Tributaria-1-300x169.png\" alt=\"\" width=\"499\" height=\"281\" \/><\/p>\n<p>Fonte: MCOM.<\/p>\n","protected":false},"excerpt":{"rendered":"<p>Debate ser\u00e1 realizado nesta quinta-feira (11), em S\u00e3o Paulo; painel&hellip;<\/p>\n<p> <a class=\"more-link\" href=\"https:\/\/sertsc.org.br\/site\/experiencias-internacionais-de-implantacao-do-5g-serao-debatidas-em-seminario\/\">Leia mais<\/a><\/p>\n","protected":false},"author":1,"featured_media":18365,"comment_status":"open","ping_status":"open","sticky":false,"template":"","format":"standard","meta":{"footnotes":""},"categories":[33,3],"tags":[],"class_list":{"0":"post-18364","1":"post","2":"type-post","3":"status-publish","4":"format-standard","5":"has-post-thumbnail","7":"category-destaques","8":"category-noticias"},"_links":{"self":[{"href":"https:\/\/sertsc.org.br\/site\/wp-json\/wp\/v2\/posts\/18364","targetHints":{"allow":["GET"]}}],"collection":[{"href":"https:\/\/sertsc.org.br\/site\/wp-json\/wp\/v2\/posts"}],"about":[{"href":"https:\/\/sertsc.org.br\/site\/wp-json\/wp\/v2\/types\/post"}],"author":[{"embeddable":true,"href":"https:\/\/sertsc.org.br\/site\/wp-json\/wp\/v2\/users\/1"}],"replies":[{"embeddable":true,"href":"https:\/\/sertsc.org.br\/site\/wp-json\/wp\/v2\/comments?post=18364"}],"version-history":[{"count":0,"href":"https:\/\/sertsc.org.br\/site\/wp-json\/wp\/v2\/posts\/18364\/revisions"}],"wp:featuredmedia":[{"embeddable":true,"href":"https:\/\/sertsc.org.br\/site\/wp-json\/"}],"wp:attachment":[{"href":"https:\/\/sertsc.org.br\/site\/wp-json\/wp\/v2\/media?parent=18364"}],"wp:term":[{"taxonomy":"category","embeddable":true,"href":"https:\/\/sertsc.org.br\/site\/wp-json\/wp\/v2\/categories?post=18364"},{"taxonomy":"post_tag","embeddable":true,"href":"https:\/\/sertsc.org.br\/site\/wp-json\/wp\/v2\/tags?post=18364"}],"curies":[{"name":"wp","href":"https:\/\/api.w.org\/{rel}","templated":true}]}}