{"id":18345,"date":"2022-08-03T09:48:01","date_gmt":"2022-08-03T12:48:01","guid":{"rendered":"https:\/\/www.sertsc.org.br\/site\/?p=18345"},"modified":"2022-08-03T09:48:01","modified_gmt":"2022-08-03T12:48:01","slug":"tecnologia-5g-e-liberada-em-sao-paulo","status":"publish","type":"post","link":"https:\/\/sertsc.org.br\/site\/tecnologia-5g-e-liberada-em-sao-paulo\/","title":{"rendered":"Tecnologia 5G \u00e9 liberada em S\u00e3o Paulo"},"content":{"rendered":"<p>Anatel registrou 1400 pedidos de licenciamento de esta\u00e7\u00f5es; 5G chega esta semana<\/p>\n<p>A partir desta quinta-feira (4), as prestadoras que adquiriram a faixa de 3,5 GHz na licita\u00e7\u00e3o de 5G, realizada no ano passado, poder\u00e3o ativar esta\u00e7\u00f5es com a tecnologia de quinta gera\u00e7\u00e3o na cidade de S\u00e3o Paulo. Com isso, a capital paulista se torna a 5\u00aa do pa\u00eds a contar com a tecnologia, depois de Bras\u00edlia, Belo Horizonte, Porto Alegre e Jo\u00e3o Pessoa.<\/p>\n<p>O Grupo de Acompanhamento da Faixa de 3,5GHz (Gaispi) comunicou a decis\u00e3o nesta ter\u00e7a (2), ap\u00f3s reuni\u00e3o extraordin\u00e1ria.<\/p>\n<p>De acordo com o Edital do 5G, seriam necess\u00e1rias 462 esta\u00e7\u00f5es ativas at\u00e9 29 de setembro. Entretanto, a Anatel calcula que, at\u00e9 o momento, foram registrados 1.378 pedidos de licenciamento na faixa 3,5GHz. Segundo o cronograma estabelecido, as prestadoras devem observar os seguintes quantitativos de antenas 5G nos pr\u00f3ximos anos:<\/p>\n<p>Acompanhe mais em <a href=\"https:\/\/abratel.org.br\/noticias\/tecnologia-5g-e-liberada-em-sao-paulo\/\">ABRATEL<\/a><\/p>\n<p><img fetchpriority=\"high\" decoding=\"async\" class=\"wp-image-18346 aligncenter\" src=\"https:\/\/www.sertsc.org.br\/site\/wp-content\/uploads\/2022\/08\/Aniversario-Email-22-3-300x200.png\" alt=\"\" width=\"515\" height=\"343\" \/><\/p>\n","protected":false},"excerpt":{"rendered":"<p>Anatel registrou 1400 pedidos de licenciamento de esta\u00e7\u00f5es; 5G chega&hellip;<\/p>\n<p> <a class=\"more-link\" href=\"https:\/\/sertsc.org.br\/site\/tecnologia-5g-e-liberada-em-sao-paulo\/\">Leia mais<\/a><\/p>\n","protected":false},"author":1,"featured_media":18346,"comment_status":"open","ping_status":"open","sticky":false,"template":"","format":"standard","meta":{"footnotes":""},"categories":[33,3],"tags":[],"class_list":{"0":"post-18345","1":"post","2":"type-post","3":"status-publish","4":"format-standard","5":"has-post-thumbnail","7":"category-destaques","8":"category-noticias"},"_links":{"self":[{"href":"https:\/\/sertsc.org.br\/site\/wp-json\/wp\/v2\/posts\/18345","targetHints":{"allow":["GET"]}}],"collection":[{"href":"https:\/\/sertsc.org.br\/site\/wp-json\/wp\/v2\/posts"}],"about":[{"href":"https:\/\/sertsc.org.br\/site\/wp-json\/wp\/v2\/types\/post"}],"author":[{"embeddable":true,"href":"https:\/\/sertsc.org.br\/site\/wp-json\/wp\/v2\/users\/1"}],"replies":[{"embeddable":true,"href":"https:\/\/sertsc.org.br\/site\/wp-json\/wp\/v2\/comments?post=18345"}],"version-history":[{"count":0,"href":"https:\/\/sertsc.org.br\/site\/wp-json\/wp\/v2\/posts\/18345\/revisions"}],"wp:featuredmedia":[{"embeddable":true,"href":"https:\/\/sertsc.org.br\/site\/wp-json\/"}],"wp:attachment":[{"href":"https:\/\/sertsc.org.br\/site\/wp-json\/wp\/v2\/media?parent=18345"}],"wp:term":[{"taxonomy":"category","embeddable":true,"href":"https:\/\/sertsc.org.br\/site\/wp-json\/wp\/v2\/categories?post=18345"},{"taxonomy":"post_tag","embeddable":true,"href":"https:\/\/sertsc.org.br\/site\/wp-json\/wp\/v2\/tags?post=18345"}],"curies":[{"name":"wp","href":"https:\/\/api.w.org\/{rel}","templated":true}]}}