{"id":18337,"date":"2022-08-02T10:05:57","date_gmt":"2022-08-02T13:05:57","guid":{"rendered":"https:\/\/www.sertsc.org.br\/site\/?p=18337"},"modified":"2022-08-02T10:05:57","modified_gmt":"2022-08-02T13:05:57","slug":"artistas-entregam-obras-em-replicas-de-aparelho-antigo-de-radio","status":"publish","type":"post","link":"https:\/\/sertsc.org.br\/site\/artistas-entregam-obras-em-replicas-de-aparelho-antigo-de-radio\/","title":{"rendered":"Artistas entregam obras em r\u00e9plicas de aparelho antigo de r\u00e1dio"},"content":{"rendered":"<p>A\u00e7\u00e3o faz parte da programa\u00e7\u00e3o da ABERT para os 100 anos do R\u00e1dio no Brasil. Em Santa Catarina, o convite aos artistas foi da ACAERT<\/p>\n<p>Os tr\u00eas artistas convidados para interven\u00e7\u00e3o em r\u00e9plicas de aparelho antigo de r\u00e1dio, conhecido como capelinha, j\u00e1 entregaram as obras \u00e0 ACAERT. Luciano Martins, Caio Borges e Xiko Bracht expressaram todo talento e criatividade, cada um ao seu estilo. Agora, os trabalhos se juntar\u00e3o a outros produzidos por artistas de todo pa\u00eds e ser\u00e3o exibidos em exposi\u00e7\u00e3o virtual, organizada pela ABERT. Haver\u00e1 uma escolha popular que apontar\u00e1 a arte mais criativa por estado. A vota\u00e7\u00e3o on line ser\u00e1 de 07 a 25 de setembro.<\/p>\n<p>As artes mais votadas ser\u00e3o reunidas em uma mostra presencial, de 6 a 17 de novembro, em Bras\u00edlia, per\u00edodo do 29\u00ba Congresso Brasileiro de Radiodifus\u00e3o, oportunidade em que a ABERT comemorar\u00e1 60 anos.<\/p>\n<p>Os trabalhos dos tr\u00eas artistas tamb\u00e9m participar\u00e3o de uma exposi\u00e7\u00e3o itinerante em escolas pelo estado que a ACAERT promover\u00e1 em setembro, durante a programa\u00e7\u00e3o da Semana do R\u00e1dio.<\/p>\n<p>O R\u00c1DIO \u00c9 POP<\/p>\n<p>\u201cNada mais popular do que o r\u00e1dio. Com quase 60 anos, o r\u00e1dio me acompanhou por toda a minha vida. O r\u00e1dio sempre foi companheiro dentro do meu est\u00fadio. Eu devo minha arte a muitos locutores que nem sabem que s\u00e3o meus companheiros de jornada\u201d, Luciano Martins<br \/>\nT\u00e9cnica usada: Tinta acr\u00edlica sobre \u201cR\u00e1dio\u201d<\/p>\n<p>Acompanhe no site da\u00a0<a href=\"https:\/\/www.acaert.com.br\/noticia\/46377\/artistas-entregam-obras-em-replicas-de-aparelho-antigo-de-radio\">ACAERT<\/a><\/p>\n<p>&nbsp;<\/p>\n<p><img fetchpriority=\"high\" decoding=\"async\" class=\"wp-image-18338 aligncenter\" src=\"https:\/\/www.sertsc.org.br\/site\/wp-content\/uploads\/2022\/08\/Aniversario-Email-22-1-300x200.png\" alt=\"\" width=\"504\" height=\"336\" \/><\/p>\n","protected":false},"excerpt":{"rendered":"<p>A\u00e7\u00e3o faz parte da programa\u00e7\u00e3o da ABERT para os 100&hellip;<\/p>\n<p> <a class=\"more-link\" href=\"https:\/\/sertsc.org.br\/site\/artistas-entregam-obras-em-replicas-de-aparelho-antigo-de-radio\/\">Leia mais<\/a><\/p>\n","protected":false},"author":1,"featured_media":18338,"comment_status":"open","ping_status":"open","sticky":false,"template":"","format":"standard","meta":{"footnotes":""},"categories":[33,3],"tags":[],"class_list":{"0":"post-18337","1":"post","2":"type-post","3":"status-publish","4":"format-standard","5":"has-post-thumbnail","7":"category-destaques","8":"category-noticias"},"_links":{"self":[{"href":"https:\/\/sertsc.org.br\/site\/wp-json\/wp\/v2\/posts\/18337","targetHints":{"allow":["GET"]}}],"collection":[{"href":"https:\/\/sertsc.org.br\/site\/wp-json\/wp\/v2\/posts"}],"about":[{"href":"https:\/\/sertsc.org.br\/site\/wp-json\/wp\/v2\/types\/post"}],"author":[{"embeddable":true,"href":"https:\/\/sertsc.org.br\/site\/wp-json\/wp\/v2\/users\/1"}],"replies":[{"embeddable":true,"href":"https:\/\/sertsc.org.br\/site\/wp-json\/wp\/v2\/comments?post=18337"}],"version-history":[{"count":0,"href":"https:\/\/sertsc.org.br\/site\/wp-json\/wp\/v2\/posts\/18337\/revisions"}],"wp:featuredmedia":[{"embeddable":true,"href":"https:\/\/sertsc.org.br\/site\/wp-json\/"}],"wp:attachment":[{"href":"https:\/\/sertsc.org.br\/site\/wp-json\/wp\/v2\/media?parent=18337"}],"wp:term":[{"taxonomy":"category","embeddable":true,"href":"https:\/\/sertsc.org.br\/site\/wp-json\/wp\/v2\/categories?post=18337"},{"taxonomy":"post_tag","embeddable":true,"href":"https:\/\/sertsc.org.br\/site\/wp-json\/wp\/v2\/tags?post=18337"}],"curies":[{"name":"wp","href":"https:\/\/api.w.org\/{rel}","templated":true}]}}