{"id":18334,"date":"2022-08-02T09:37:21","date_gmt":"2022-08-02T12:37:21","guid":{"rendered":"https:\/\/www.sertsc.org.br\/site\/?p=18334"},"modified":"2022-08-02T09:37:21","modified_gmt":"2022-08-02T12:37:21","slug":"trofeu-mulher-imprensa-esta-com-votacao-aberta-para-a-16a-edicao-do-premio-de-jornalismo","status":"publish","type":"post","link":"https:\/\/sertsc.org.br\/site\/trofeu-mulher-imprensa-esta-com-votacao-aberta-para-a-16a-edicao-do-premio-de-jornalismo\/","title":{"rendered":"Trof\u00e9u Mulher Imprensa est\u00e1 com vota\u00e7\u00e3o aberta para a 16\u00aa edi\u00e7\u00e3o do pr\u00eamio de jornalismo"},"content":{"rendered":"<p>A vota\u00e7\u00e3o para o 16\u00ba Trof\u00e9u Mulher Imprensa est\u00e1 em vigor desde a \u00faltima segunda-feira (25). S\u00e3o 15 categorias que visam premiar as profissionais de destaque, segundo a vota\u00e7\u00e3o popular. As finalistas foram selecionadas por um j\u00fari de excel\u00eancia &#8211; composto por 40 profissionais representando associa\u00e7\u00f5es de comunica\u00e7\u00e3o, profissionais de diversas regi\u00f5es do Brasil, causas e especialidades jornal\u00edsticas.<\/p>\n<p>Nesta edi\u00e7\u00e3o, pr\u00eamio tem como tema \u201cPertencimento e Inova\u00e7\u00e3o\u201d. A categoria visa homenagear a jornalista ou comunicadora brasileira que se destaca na rela\u00e7\u00e3o com o p\u00fablico e que valoriza o pertencimento e inova\u00e7\u00e3o na comunica\u00e7\u00e3o. Foram mais de mil indica\u00e7\u00f5es espont\u00e2neas entre oitenta profissionais diferentes de todo o Brasil.<\/p>\n<p>S\u00e3o 15 categorias que visam premiar as profissionais de destaque, segundo a vota\u00e7\u00e3o popular. O j\u00fari indicou, por livre escolha, as mulheres que tiveram destaque em cada uma das categorias. Para conhecer as setenta e cinco finalistas e votar, basta acessar o site da premia\u00e7\u00e3o. Ser\u00e1 permitido apenas um voto por e-mail em cada categoria e o voto dever\u00e1 ser confirmado pelo link enviado ao e-mail votante.<\/p>\n<p>Confira abaixo as categorias:<\/p>\n<p>RADIOJORNALISMO<br \/>\n\u00c2ncora, apresentadora ou comentarista de R\u00e1dio<br \/>\nRep\u00f3rter de R\u00e1dio<\/p>\n<p>TELEJORNALISMO<br \/>\n\u00c2ncora, apresentadora ou comentarista de Telejornal<br \/>\nRep\u00f3rter de Telejornal<\/p>\n<p>JORNALISMO IMPRESSO E ONLINE<br \/>\nRep\u00f3rter de Jornal ou Revista (ou texto online)<br \/>\nFotojornalista<br \/>\nColunista ou articulista de Jornal ou Revista (ou texto online)<\/p>\n<p>MULTIM\u00cdDIA<br \/>\nLideran\u00e7a, diretora de reda\u00e7\u00e3o ou fundadora de projetos jornal\u00edsticos<br \/>\nApresentadora(s) ou criadora(s) em novos formatos: podcast ou programa audiovisual<br \/>\nJornalista revela\u00e7\u00e3o (in\u00edcio de carreira)<\/p>\n<p>CONSULTORA DE COMUNICA\u00c7\u00c3O<br \/>\nConsultora de Comunica\u00e7\u00e3o &#8211; Ag\u00eancia<br \/>\nConsultora de Comunica\u00e7\u00e3o \u2013 Corporativa<br \/>\nComunica\u00e7\u00e3o p\u00fablica<\/p>\n<p>ESPECIAL<br \/>\nPr\u00eamio Especial: Diversidade<br \/>\nPr\u00eamio Popular: Pertencimento e Inova\u00e7\u00e3o<\/p>\n<p><img fetchpriority=\"high\" decoding=\"async\" class=\"wp-image-18335 aligncenter\" src=\"https:\/\/www.sertsc.org.br\/site\/wp-content\/uploads\/2022\/08\/Aniversario-Email-22-300x200.png\" alt=\"\" width=\"492\" height=\"328\" \/><\/p>\n<p>Fonte: Tudo R\u00e1dio.<\/p>\n","protected":false},"excerpt":{"rendered":"<p>A vota\u00e7\u00e3o para o 16\u00ba Trof\u00e9u Mulher Imprensa est\u00e1 em&hellip;<\/p>\n<p> <a class=\"more-link\" href=\"https:\/\/sertsc.org.br\/site\/trofeu-mulher-imprensa-esta-com-votacao-aberta-para-a-16a-edicao-do-premio-de-jornalismo\/\">Leia mais<\/a><\/p>\n","protected":false},"author":1,"featured_media":18335,"comment_status":"open","ping_status":"open","sticky":false,"template":"","format":"standard","meta":{"footnotes":""},"categories":[33,3],"tags":[],"class_list":{"0":"post-18334","1":"post","2":"type-post","3":"status-publish","4":"format-standard","5":"has-post-thumbnail","7":"category-destaques","8":"category-noticias"},"_links":{"self":[{"href":"https:\/\/sertsc.org.br\/site\/wp-json\/wp\/v2\/posts\/18334","targetHints":{"allow":["GET"]}}],"collection":[{"href":"https:\/\/sertsc.org.br\/site\/wp-json\/wp\/v2\/posts"}],"about":[{"href":"https:\/\/sertsc.org.br\/site\/wp-json\/wp\/v2\/types\/post"}],"author":[{"embeddable":true,"href":"https:\/\/sertsc.org.br\/site\/wp-json\/wp\/v2\/users\/1"}],"replies":[{"embeddable":true,"href":"https:\/\/sertsc.org.br\/site\/wp-json\/wp\/v2\/comments?post=18334"}],"version-history":[{"count":0,"href":"https:\/\/sertsc.org.br\/site\/wp-json\/wp\/v2\/posts\/18334\/revisions"}],"wp:featuredmedia":[{"embeddable":true,"href":"https:\/\/sertsc.org.br\/site\/wp-json\/"}],"wp:attachment":[{"href":"https:\/\/sertsc.org.br\/site\/wp-json\/wp\/v2\/media?parent=18334"}],"wp:term":[{"taxonomy":"category","embeddable":true,"href":"https:\/\/sertsc.org.br\/site\/wp-json\/wp\/v2\/categories?post=18334"},{"taxonomy":"post_tag","embeddable":true,"href":"https:\/\/sertsc.org.br\/site\/wp-json\/wp\/v2\/tags?post=18334"}],"curies":[{"name":"wp","href":"https:\/\/api.w.org\/{rel}","templated":true}]}}