{"id":18326,"date":"2022-07-27T10:29:32","date_gmt":"2022-07-27T13:29:32","guid":{"rendered":"https:\/\/www.sertsc.org.br\/site\/?p=18326"},"modified":"2022-07-27T10:29:32","modified_gmt":"2022-07-27T13:29:32","slug":"dia-do-radio-no-set-expo-2022-sera-em-25-de-agosto","status":"publish","type":"post","link":"https:\/\/sertsc.org.br\/site\/dia-do-radio-no-set-expo-2022-sera-em-25-de-agosto\/","title":{"rendered":"Dia do R\u00e1dio no SET Expo 2022 ser\u00e1 em 25 de agosto."},"content":{"rendered":"<p>O SET Expo est\u00e1 de volta. Trata-se da primeira edi\u00e7\u00e3o presencial desde 2019, ano que antecedeu a pandemia da covid-19. Com a possibilidade de realiza\u00e7\u00e3o da feira de neg\u00f3cios e do congresso da SET (Sociedade Brasileira de Engenharia de Televis\u00e3o), a programa\u00e7\u00e3o que \u00e9 considerada a maior da Am\u00e9rica Latina no setor de tecnologia e comunica\u00e7\u00e3o retorna ao Expo Center Norte, em S\u00e3o Paulo. E o tudoradio.com ser\u00e1 novamente media partner do SET Expo, participando da programa\u00e7\u00e3o do Dia do R\u00e1dio e cobrindo os principais destaques da feira e do congresso.<\/p>\n<p>O Dia do R\u00e1dio do SET Expo 2022 est\u00e1 reservado para o dia 25 de agosto, quando o ve\u00edculo contar\u00e1 com pain\u00e9is totalmente dedicados aos temas mais relevantes para o meio. Assuntos como forma\u00e7\u00e3o de redes, distribui\u00e7\u00e3o e gera\u00e7\u00e3o de conte\u00fado multiplataforma, regulat\u00f3rio, novidades na \u00e1rea de transmiss\u00e3o, entre outros pontos, ser\u00e3o debatidos na programa\u00e7\u00e3o deste dia. A grade voltada ao r\u00e1dio acontecer\u00e1 na sala 1.<\/p>\n<p>Os &#8220;tracks&#8221; voltados ao mercado de r\u00e1dio ser\u00e3o: P\u00fablico da Gera\u00e7\u00e3o Z, podcast, produ\u00e7\u00e3o de \u00e1udio imersivo, r\u00e1dio digital e estrat\u00e9gias para capta\u00e7\u00e3o de receitas. No total, o congresso do SET Expo 2022 contar\u00e1 com 31 pain\u00e9is de 1h30 de dura\u00e7\u00e3o espalhados em tr\u00eas salas simult\u00e2neas.<\/p>\n<p>N\u00e3o ser\u00e1 a primeira vez que o SET Expo 2022 ter\u00e1 um dia voltado ao r\u00e1dio em uma das salas destinadas ao congresso. Nas edi\u00e7\u00f5es presenciais anteriores o meio foi novamente destaque na programa\u00e7\u00e3o, contando com uma ampla presen\u00e7a de radiodifusores e profissionais da ind\u00fastria de r\u00e1dio. Todas as programa\u00e7\u00f5es do Dia do R\u00e1dio contaram com a sala cheia.<\/p>\n<p>Tamb\u00e9m n\u00e3o ser\u00e1 a primeira edi\u00e7\u00e3o do SET Expo que o tudoradio.com atuar\u00e1 como media partner. O portal esteve presente como apoiador na divulga\u00e7\u00e3o da programa\u00e7\u00e3o nas edi\u00e7\u00f5es de 2017, 2018 e 2019. J\u00e1 a cobertura da feira e do congresso ocorre de forma ininterrupta pela equipe do tudoradio.com desde 2009.<\/p>\n<p>J\u00e1 a feira de servi\u00e7os contar\u00e1 com diversas empresas voltadas ao mercado de r\u00e1dio. Entre as marcas confirmadas est\u00e3o a Cadena Sistemas, Sinteck Next, D\u00e1rio Produ\u00e7\u00f5es, entre outras<\/p>\n<p>A expectativa \u00e9 de que o congresso re\u00fana mais de 2 mil profissionais.<\/p>\n<p>O Dia do R\u00e1dio &#8211; 25 de agosto<\/p>\n<p>Confira a programa\u00e7\u00e3o que ser\u00e1 realizada na sala 1 (em breve mais detalhes):<\/p>\n<p>09h00 &#8211; O FUTURO DO R\u00c1DIO EST\u00c1 NAS REDES? &#8211; Moderadores: Eduardo Cappia e Daniel Starck<\/p>\n<p>11h00 &#8211; M\u00c9TRICAS &#8211; Moderadores: Marco T\u00falio e Marco Moretto<\/p>\n<p>14h00 &#8211; ??CRIATIVIDADE EM R\u00c1DIO \/ COMUNICA\u00c7\u00c3O &#8211; Moderador: Robson Ferri<\/p>\n<p>O SET Expo, considerado o maior evento voltado \u00e0 \u00e1rea de comunica\u00e7\u00e3o na Am\u00e9rica Latina, ser\u00e1 realizado entre os dias 22 e 25 de agosto em S\u00e3o Paulo, no Pavilh\u00e3o Azul do Expo Center Norte (Rua Jos\u00e9 Bernardo Pinto, 333 \u2013 Vila Guilherme, zona norte da capital paulista).<\/p>\n<p>A abertura da feira ser\u00e1 no dia 23 (ter\u00e7a-feira) e o Dia do R\u00e1dio (SET R\u00e1dio) no dia 25 (quinta-feira). Para mais informa\u00e7\u00f5es e registros de participa\u00e7\u00e3o.<\/p>\n<p><img fetchpriority=\"high\" decoding=\"async\" class=\"wp-image-18327 aligncenter\" src=\"https:\/\/www.sertsc.org.br\/site\/wp-content\/uploads\/2022\/07\/Aniversario-Email-22-15-300x200.png\" alt=\"\" width=\"498\" height=\"332\" \/><\/p>\n<p>Fonte: Tudo R\u00e1dio.<\/p>\n","protected":false},"excerpt":{"rendered":"<p>O SET Expo est\u00e1 de volta. Trata-se da primeira edi\u00e7\u00e3o&hellip;<\/p>\n<p> <a class=\"more-link\" href=\"https:\/\/sertsc.org.br\/site\/dia-do-radio-no-set-expo-2022-sera-em-25-de-agosto\/\">Leia mais<\/a><\/p>\n","protected":false},"author":1,"featured_media":18327,"comment_status":"open","ping_status":"open","sticky":false,"template":"","format":"standard","meta":{"footnotes":""},"categories":[33,3],"tags":[],"class_list":{"0":"post-18326","1":"post","2":"type-post","3":"status-publish","4":"format-standard","5":"has-post-thumbnail","7":"category-destaques","8":"category-noticias"},"_links":{"self":[{"href":"https:\/\/sertsc.org.br\/site\/wp-json\/wp\/v2\/posts\/18326","targetHints":{"allow":["GET"]}}],"collection":[{"href":"https:\/\/sertsc.org.br\/site\/wp-json\/wp\/v2\/posts"}],"about":[{"href":"https:\/\/sertsc.org.br\/site\/wp-json\/wp\/v2\/types\/post"}],"author":[{"embeddable":true,"href":"https:\/\/sertsc.org.br\/site\/wp-json\/wp\/v2\/users\/1"}],"replies":[{"embeddable":true,"href":"https:\/\/sertsc.org.br\/site\/wp-json\/wp\/v2\/comments?post=18326"}],"version-history":[{"count":0,"href":"https:\/\/sertsc.org.br\/site\/wp-json\/wp\/v2\/posts\/18326\/revisions"}],"wp:featuredmedia":[{"embeddable":true,"href":"https:\/\/sertsc.org.br\/site\/wp-json\/"}],"wp:attachment":[{"href":"https:\/\/sertsc.org.br\/site\/wp-json\/wp\/v2\/media?parent=18326"}],"wp:term":[{"taxonomy":"category","embeddable":true,"href":"https:\/\/sertsc.org.br\/site\/wp-json\/wp\/v2\/categories?post=18326"},{"taxonomy":"post_tag","embeddable":true,"href":"https:\/\/sertsc.org.br\/site\/wp-json\/wp\/v2\/tags?post=18326"}],"curies":[{"name":"wp","href":"https:\/\/api.w.org\/{rel}","templated":true}]}}