{"id":18316,"date":"2022-07-26T13:46:56","date_gmt":"2022-07-26T16:46:56","guid":{"rendered":"https:\/\/www.sertsc.org.br\/site\/?p=18316"},"modified":"2022-07-26T13:46:56","modified_gmt":"2022-07-26T16:46:56","slug":"ministerio-das-comunicacoes-discute-novas-tecnologias-e-radiodifusao-em-missao-ao-japao","status":"publish","type":"post","link":"https:\/\/sertsc.org.br\/site\/ministerio-das-comunicacoes-discute-novas-tecnologias-e-radiodifusao-em-missao-ao-japao\/","title":{"rendered":"Minist\u00e9rio das Comunica\u00e7\u00f5es discute novas tecnologias e radiodifus\u00e3o em miss\u00e3o ao Jap\u00e3o"},"content":{"rendered":"<p>Representantes do Minist\u00e9rio das Comunica\u00e7\u00f5es (MCom), do F\u00f3rum SBTVD (Sistema Brasileiro de TV Digital Terrestre) e da Empresa Brasil de Comunica\u00e7\u00e3o (EBC) realizaram uma miss\u00e3o oficial ao Jap\u00e3o nos \u00faltimos dias para a potencializa\u00e7\u00e3o das rela\u00e7\u00f5es bilaterais entre os pa\u00edses. A a\u00e7\u00e3o foi pautada pelo compartilhamento de experi\u00eancias e troca de informa\u00e7\u00f5es entre Brasil e Jap\u00e3o. Os membros da miss\u00e3o foram recebidos pelo ministro de Assuntos Internos e Comunica\u00e7\u00f5es, Yasushi Kaneko, e se reuniram com executivos dos setores de radiodifus\u00e3o e telecomunica\u00e7\u00f5es.<\/p>\n<p>A principal pauta da miss\u00e3o foi a realiza\u00e7\u00e3o de estudos em ambos os pa\u00edses para definir seus respectivos futuros padr\u00f5es tecnol\u00f3gicos de TV Digital. O projeto brasileiro que definir\u00e1 essa tecnologia chama-se &#8220;TV 3.0&#8221; e estuda, entre outras propostas, a tecnologia sendo desenvolvida pelos japoneses para a pr\u00f3xima itera\u00e7\u00e3o de sua TV Digital.<\/p>\n<p>A agenda no pa\u00eds oriental tratou tamb\u00e9m de pol\u00edticas para o 5G, com a apresenta\u00e7\u00e3o do modelo de leil\u00e3o n\u00e3o arrecadat\u00f3rio realizado no Brasil e a discuss\u00e3o sobre a OpenRAN, conceito de arquitetura de rede aberta, inteligente, virtual e interoper\u00e1vel. O MCom foi representado pelos secret\u00e1rios Estella Antonichelli (Executiva) e Maximiliano Martinh\u00e3o (Radiodifus\u00e3o); e pelos diretores Ot\u00e1vio Caixeta (Inova\u00e7\u00e3o, Regulamenta\u00e7\u00e3o e Fiscaliza\u00e7\u00e3o) e Pedro Lucas Ara\u00fajo (Investimento e Inova\u00e7\u00e3o). Acompanharam a miss\u00e3o o presidente da EBC, Glen Valente, e o coordenador do m\u00f3dulo t\u00e9cnico do F\u00f3rum SBTVD, Luiz Fausto.<\/p>\n<p>A miss\u00e3o oficial discutiu ainda a reativa\u00e7\u00e3o do F\u00f3rum ISDB-T Internacional. A articula\u00e7\u00e3o re\u00fane pa\u00edses que adotaram este modelo de TV Digital para coopera\u00e7\u00e3o, divulga\u00e7\u00e3o e alinhamento de regras de radiodifus\u00e3o digital. O Jap\u00e3o demonstrou interesse na retomada do F\u00f3rum.<\/p>\n<p>A agenda contou com visita a institui\u00e7\u00f5es privadas \u2013 a exemplo da NEC, que atua no Brasil h\u00e1 mais de meio s\u00e9culo e tem tem relevante atua\u00e7\u00e3o em TV Digital e em 5G, e da DiBEG (Digital Broadcasting Experts Group), \u00f3rg\u00e3o respons\u00e1vel por padronizar a TV Digital, equivalente ao F\u00f3rum SBTVD no Jap\u00e3o.<\/p>\n<p><img fetchpriority=\"high\" decoding=\"async\" class=\"wp-image-18317 aligncenter\" src=\"https:\/\/www.sertsc.org.br\/site\/wp-content\/uploads\/2022\/07\/Aniversario-Email-22-14-300x200.png\" alt=\"\" width=\"509\" height=\"339\" \/>+Fonte: MCOM.<\/p>\n","protected":false},"excerpt":{"rendered":"<p>Representantes do Minist\u00e9rio das Comunica\u00e7\u00f5es (MCom), do F\u00f3rum SBTVD (Sistema&hellip;<\/p>\n<p> <a class=\"more-link\" href=\"https:\/\/sertsc.org.br\/site\/ministerio-das-comunicacoes-discute-novas-tecnologias-e-radiodifusao-em-missao-ao-japao\/\">Leia mais<\/a><\/p>\n","protected":false},"author":1,"featured_media":18317,"comment_status":"open","ping_status":"open","sticky":false,"template":"","format":"standard","meta":{"footnotes":""},"categories":[33,3],"tags":[],"class_list":{"0":"post-18316","1":"post","2":"type-post","3":"status-publish","4":"format-standard","5":"has-post-thumbnail","7":"category-destaques","8":"category-noticias"},"_links":{"self":[{"href":"https:\/\/sertsc.org.br\/site\/wp-json\/wp\/v2\/posts\/18316","targetHints":{"allow":["GET"]}}],"collection":[{"href":"https:\/\/sertsc.org.br\/site\/wp-json\/wp\/v2\/posts"}],"about":[{"href":"https:\/\/sertsc.org.br\/site\/wp-json\/wp\/v2\/types\/post"}],"author":[{"embeddable":true,"href":"https:\/\/sertsc.org.br\/site\/wp-json\/wp\/v2\/users\/1"}],"replies":[{"embeddable":true,"href":"https:\/\/sertsc.org.br\/site\/wp-json\/wp\/v2\/comments?post=18316"}],"version-history":[{"count":0,"href":"https:\/\/sertsc.org.br\/site\/wp-json\/wp\/v2\/posts\/18316\/revisions"}],"wp:featuredmedia":[{"embeddable":true,"href":"https:\/\/sertsc.org.br\/site\/wp-json\/"}],"wp:attachment":[{"href":"https:\/\/sertsc.org.br\/site\/wp-json\/wp\/v2\/media?parent=18316"}],"wp:term":[{"taxonomy":"category","embeddable":true,"href":"https:\/\/sertsc.org.br\/site\/wp-json\/wp\/v2\/categories?post=18316"},{"taxonomy":"post_tag","embeddable":true,"href":"https:\/\/sertsc.org.br\/site\/wp-json\/wp\/v2\/tags?post=18316"}],"curies":[{"name":"wp","href":"https:\/\/api.w.org\/{rel}","templated":true}]}}