{"id":18300,"date":"2022-07-20T09:24:40","date_gmt":"2022-07-20T12:24:40","guid":{"rendered":"https:\/\/www.sertsc.org.br\/site\/?p=18300"},"modified":"2022-07-20T09:24:40","modified_gmt":"2022-07-20T12:24:40","slug":"radio-e-ouvido-por-mais-de-93-da-populacao-alema","status":"publish","type":"post","link":"https:\/\/sertsc.org.br\/site\/radio-e-ouvido-por-mais-de-93-da-populacao-alema\/","title":{"rendered":"R\u00e1dio \u00e9 ouvido por mais de 93% da popula\u00e7\u00e3o alem\u00e3"},"content":{"rendered":"<p>A pesquisa ma audio 2022 II que rastreia todo o consumo de \u00e1udio na Alemanha apontou atualiza\u00e7\u00f5es no avan\u00e7o da parcela da audi\u00eancia concentrada no r\u00e1dio digital (DAB+). Geralmente o r\u00e1dio \u00e9 ouvido em m\u00e9dia 4 horas diariamente e por 93,4% da popula\u00e7\u00e3o alem\u00e3. Os dados referem-se ao per\u00edodo de setembro de 2021 a mar\u00e7o de 2022.<\/p>\n<p>A principal mudan\u00e7a da pesquisa atual na compara\u00e7\u00e3o com a anterior \u00e9 sobre o tamanho do r\u00e1dio digital terrestre (DAB+) no total da audi\u00eancia de r\u00e1dio. No levantamento anterior (ma audio 2022 I, referente a dezembro de 2020 a dezembro de 2021), o formato correspondia por 24,5% do consumo do meio na Alemanha. Agora essa parcela est\u00e1 em 27% na pesquisa atual (ma audio 2022 II). J\u00e1 na pesquisa anunciada em 2021, essa parcela do DAB+ estava em 20,4% do total do consumo de r\u00e1dio.<\/p>\n<p>No geral, o r\u00e1dio alem\u00e3o \u00e9 muito est\u00e1vel quando o assunto \u00e9 consumo: registrou 93,4% da popula\u00e7\u00e3o ouvindo r\u00e1dio em um per\u00edodo de 4 semanas, contra 93,5% do levantamento anterior. Detalhe: se considerado o consumo de r\u00e1dio via plataformas on-line junto com o r\u00e1dio terrestre, esse alcance sobe para 94,1% da popula\u00e7\u00e3o pesquisada, contra 93,8% da pesquisa passada. Em resumo: h\u00e1 uma expans\u00e3o do consumo de r\u00e1dio via op\u00e7\u00f5es digitais, al\u00e9m da manuten\u00e7\u00e3o do formato tradicional.<\/p>\n<p>Novamente sobre o alcance do r\u00e1dio, as pesquisas atualizadas no &#8220;p\u00f3s-pandemia&#8221;, ou seja, em per\u00edodos de maior normalidade na rotina da popula\u00e7\u00e3o, apontam para uma manuten\u00e7\u00e3o dos patamares elevados do meio. Recentemente o tudoradio.com repercutiu o n\u00famero do r\u00e1dio nos Estados Unidos, cujo alcance tamb\u00e9m est\u00e1 em 93% segundo a Nielsen.<\/p>\n<p>\u201cNa era do com\u00e9rcio de voz, o alcance \u00e9 a chave para o sucesso. Com a estrat\u00e9gia e a identidade de \u00e1udio certa, r\u00e1dio e \u00e1udio s\u00e3o a base para uma comunica\u00e7\u00e3o de marca bem-sucedida, a fim de influenciar a decis\u00e3o de compra no momento certo e no lugar certo&#8221;, afirma a diretora-gerente da Radiozentrale, Grit Leith\u00e4user, segundo o portal especializado Radiozene.de. &#8220;Porque somente quem estiver presente na mente dos consumidores poder\u00e1 acionar os comandos de voz corretos ao fazer pedidos por voz no futuro&#8221;, completa a executiva, repercutindo os dados da pesquisa na Alemanha.<\/p>\n<p><img fetchpriority=\"high\" decoding=\"async\" class=\"wp-image-18301 aligncenter\" src=\"https:\/\/www.sertsc.org.br\/site\/wp-content\/uploads\/2022\/07\/Aniversario-Email-22-1-3-300x200.png\" alt=\"\" width=\"491\" height=\"327\" \/><\/p>\n<p>Fonte: Tudo R\u00e1dio.<\/p>\n","protected":false},"excerpt":{"rendered":"<p>A pesquisa ma audio 2022 II que rastreia todo o&hellip;<\/p>\n<p> <a class=\"more-link\" href=\"https:\/\/sertsc.org.br\/site\/radio-e-ouvido-por-mais-de-93-da-populacao-alema\/\">Leia mais<\/a><\/p>\n","protected":false},"author":1,"featured_media":18301,"comment_status":"open","ping_status":"open","sticky":false,"template":"","format":"standard","meta":{"footnotes":""},"categories":[33,3],"tags":[],"class_list":{"0":"post-18300","1":"post","2":"type-post","3":"status-publish","4":"format-standard","5":"has-post-thumbnail","7":"category-destaques","8":"category-noticias"},"_links":{"self":[{"href":"https:\/\/sertsc.org.br\/site\/wp-json\/wp\/v2\/posts\/18300","targetHints":{"allow":["GET"]}}],"collection":[{"href":"https:\/\/sertsc.org.br\/site\/wp-json\/wp\/v2\/posts"}],"about":[{"href":"https:\/\/sertsc.org.br\/site\/wp-json\/wp\/v2\/types\/post"}],"author":[{"embeddable":true,"href":"https:\/\/sertsc.org.br\/site\/wp-json\/wp\/v2\/users\/1"}],"replies":[{"embeddable":true,"href":"https:\/\/sertsc.org.br\/site\/wp-json\/wp\/v2\/comments?post=18300"}],"version-history":[{"count":0,"href":"https:\/\/sertsc.org.br\/site\/wp-json\/wp\/v2\/posts\/18300\/revisions"}],"wp:featuredmedia":[{"embeddable":true,"href":"https:\/\/sertsc.org.br\/site\/wp-json\/"}],"wp:attachment":[{"href":"https:\/\/sertsc.org.br\/site\/wp-json\/wp\/v2\/media?parent=18300"}],"wp:term":[{"taxonomy":"category","embeddable":true,"href":"https:\/\/sertsc.org.br\/site\/wp-json\/wp\/v2\/categories?post=18300"},{"taxonomy":"post_tag","embeddable":true,"href":"https:\/\/sertsc.org.br\/site\/wp-json\/wp\/v2\/tags?post=18300"}],"curies":[{"name":"wp","href":"https:\/\/api.w.org\/{rel}","templated":true}]}}