{"id":18297,"date":"2022-07-20T09:15:22","date_gmt":"2022-07-20T12:15:22","guid":{"rendered":"https:\/\/www.sertsc.org.br\/site\/?p=18297"},"modified":"2022-07-20T09:15:22","modified_gmt":"2022-07-20T12:15:22","slug":"requisitos-tecnicos-para-uso-de-radiofrequencias-em-fm-radiovias-e-autocine-sao-aprovados-pela-anatel","status":"publish","type":"post","link":"https:\/\/sertsc.org.br\/site\/requisitos-tecnicos-para-uso-de-radiofrequencias-em-fm-radiovias-e-autocine-sao-aprovados-pela-anatel\/","title":{"rendered":"Requisitos t\u00e9cnicos para uso de radiofrequ\u00eancias em FM, Radiovias e Autocine s\u00e3o aprovados pela Anatel"},"content":{"rendered":"<p>A Ag\u00eancia Nacional de Telecomunica\u00e7\u00f5es (Anatel) aprovou os Requisitos T\u00e9cnicos de Condi\u00e7\u00f5es de Uso de Radiofrequ\u00eancias para diversos Servi\u00e7os de Radiodifus\u00e3o nesta segunda-feira, dia 18 de julho, por meio do Ato n\u00ba 8.104\/2022. Tamb\u00e9m foi publicado o Ato n\u00ba 9.751\/2022, que aprovou os Requisitos T\u00e9cnicos de Condi\u00e7\u00f5es de Uso de Radiofrequ\u00eancias para os Servi\u00e7os de Radiodifus\u00e3o de Sons e Imagens e de Retransmiss\u00e3o de Televis\u00e3o.<\/p>\n<p>O primeiro Ato publicado pela Anatel nesta segunda-feira, aprovou os requisitos para a opera\u00e7\u00e3o dos servi\u00e7os em Radiodifus\u00e3o Sonora em Frequ\u00eancia Modulada (FM), de Retransmiss\u00e3o de R\u00e1dio na Amaz\u00f4nia Legal, de Radiodifus\u00e3o Comunit\u00e1ria, de Radiovias e Limitado Privado &#8211; para Autocine. Esta modalidade \u00e9 destinada \u00e0 transmiss\u00e3o do \u00e1udio relacionado \u00e0 exibi\u00e7\u00e3o de filmes, muito demandado nos drive-ins durante a pandemia.<\/p>\n<p>Na revis\u00e3o de requisitos t\u00e9cnicos, a Anatel incluiu o Servi\u00e7o de Radiovias, criado recentemente para a dissemina\u00e7\u00e3o de informa\u00e7\u00f5es como condi\u00e7\u00f5es do tr\u00e2nsito, acidentes, condi\u00e7\u00f5es meteorol\u00f3gicas e execu\u00e7\u00e3o de obras, por exemplo, necess\u00e1rias \u00e0 seguran\u00e7a dos usu\u00e1rios das rodovias. Tanto o Autocine quanto o Radiovias podem ser sintonizados nos receptores de FM, na faixa de 76 FM a 108 FM.<\/p>\n<p>J\u00e1 o Ato n\u00ba 9.751\/2022, que aprovou os Requisitos T\u00e9cnicos de Condi\u00e7\u00f5es de Uso de Radiofrequ\u00eancias para os Servi\u00e7os de Radiodifus\u00e3o de Sons e Imagens e de Retransmiss\u00e3o de Televis\u00e3o. Os dois normativos entrar\u00e3o em vigor em 1\u00ba de agosto.<\/p>\n<p>As propostas dos dois atos passaram por consulta p\u00fablica e receberam mais de cem contribui\u00e7\u00f5es. A edi\u00e7\u00e3o dos atos atende determina\u00e7\u00f5es do Regulamento sobre Canaliza\u00e7\u00e3o e Condi\u00e7\u00f5es de Uso de Radiofrequ\u00eancias para os Servi\u00e7os de Radiodifus\u00e3o e seus Ancilares, aprovado pela Resolu\u00e7\u00e3o n\u00ba 721\/2020.<\/p>\n<p><img fetchpriority=\"high\" decoding=\"async\" class=\"wp-image-18298 aligncenter\" src=\"https:\/\/www.sertsc.org.br\/site\/wp-content\/uploads\/2022\/07\/Aniversario-Email-22-12-300x200.png\" alt=\"\" width=\"501\" height=\"334\" \/><\/p>\n<p>Fonte: Tudo R\u00e1dio.<\/p>\n","protected":false},"excerpt":{"rendered":"<p>A Ag\u00eancia Nacional de Telecomunica\u00e7\u00f5es (Anatel) aprovou os Requisitos T\u00e9cnicos&hellip;<\/p>\n<p> <a class=\"more-link\" href=\"https:\/\/sertsc.org.br\/site\/requisitos-tecnicos-para-uso-de-radiofrequencias-em-fm-radiovias-e-autocine-sao-aprovados-pela-anatel\/\">Leia mais<\/a><\/p>\n","protected":false},"author":1,"featured_media":18298,"comment_status":"open","ping_status":"open","sticky":false,"template":"","format":"standard","meta":{"footnotes":""},"categories":[33,3],"tags":[],"class_list":{"0":"post-18297","1":"post","2":"type-post","3":"status-publish","4":"format-standard","5":"has-post-thumbnail","7":"category-destaques","8":"category-noticias"},"_links":{"self":[{"href":"https:\/\/sertsc.org.br\/site\/wp-json\/wp\/v2\/posts\/18297","targetHints":{"allow":["GET"]}}],"collection":[{"href":"https:\/\/sertsc.org.br\/site\/wp-json\/wp\/v2\/posts"}],"about":[{"href":"https:\/\/sertsc.org.br\/site\/wp-json\/wp\/v2\/types\/post"}],"author":[{"embeddable":true,"href":"https:\/\/sertsc.org.br\/site\/wp-json\/wp\/v2\/users\/1"}],"replies":[{"embeddable":true,"href":"https:\/\/sertsc.org.br\/site\/wp-json\/wp\/v2\/comments?post=18297"}],"version-history":[{"count":0,"href":"https:\/\/sertsc.org.br\/site\/wp-json\/wp\/v2\/posts\/18297\/revisions"}],"wp:featuredmedia":[{"embeddable":true,"href":"https:\/\/sertsc.org.br\/site\/wp-json\/"}],"wp:attachment":[{"href":"https:\/\/sertsc.org.br\/site\/wp-json\/wp\/v2\/media?parent=18297"}],"wp:term":[{"taxonomy":"category","embeddable":true,"href":"https:\/\/sertsc.org.br\/site\/wp-json\/wp\/v2\/categories?post=18297"},{"taxonomy":"post_tag","embeddable":true,"href":"https:\/\/sertsc.org.br\/site\/wp-json\/wp\/v2\/tags?post=18297"}],"curies":[{"name":"wp","href":"https:\/\/api.w.org\/{rel}","templated":true}]}}