{"id":18246,"date":"2022-07-06T09:30:43","date_gmt":"2022-07-06T12:30:43","guid":{"rendered":"https:\/\/www.sertsc.org.br\/site\/?p=18246"},"modified":"2022-07-06T09:30:43","modified_gmt":"2022-07-06T12:30:43","slug":"18246-2","status":"publish","type":"post","link":"https:\/\/sertsc.org.br\/site\/18246-2\/","title":{"rendered":"Fam\u00edlias passam a ter acesso \u00e0 TV parab\u00f3lica digital em virtude de parceria entre ABERT e Senai"},"content":{"rendered":"<p>A Associa\u00e7\u00e3o Brasileira de Emissoras de R\u00e1dio e Televis\u00e3o (ABERT) e o Servi\u00e7o Nacional de Aprendizagem Industrial do Distrito Federal (Senai \u2013 DF) lan\u00e7aram uma parceria para capacita\u00e7\u00e3o de jovens multiplicadores no apoio \u00e0 instala\u00e7\u00e3o do novo kit digital de TV parab\u00f3lica, nesta ter\u00e7a-feira, dia 05, no Distrito Federal.<\/p>\n<p>Com a chegada do 5G a Bras\u00edlia e cidades do Entorno do Distrito Federal, 400 alunos volunt\u00e1rios ter\u00e3o aulas pr\u00e1ticas sobre a instala\u00e7\u00e3o de antenas e conversores para ajudar as fam\u00edlias na migra\u00e7\u00e3o da TV parab\u00f3lica para a Banda Ku.<\/p>\n<p>Hoje e amanh\u00e3, t\u00e9cnicos e engenheiros especializados, al\u00e9m de representantes de quatro fabricantes de parab\u00f3licas digitais e da Siga Antenado (Entidade Administradora de Faixa \u2013 EAF) explicar\u00e3o para os alunos o processo de migra\u00e7\u00e3o do sinal aberto da TV parab\u00f3lica, atualmente na Banda C, para a Banda Ku, e ensinar\u00e3o como instalar os equipamentos digitais.<br \/>\nOs novos equipamentos garantir\u00e3o a continuidade do acesso \u00e0 programa\u00e7\u00e3o gratuita da TV parab\u00f3lica, no formato digital, com mais qualidade de imagem e som.<\/p>\n<p>\u201cAl\u00e9m de capacitar os alunos para uma nova atividade, a ABERT quer garantir que nenhum brasileiro fique sem acesso ao sinal aberto e gratuito da TV parab\u00f3lica digital. De gra\u00e7a hoje, de gra\u00e7a sempre!\u201d, afirma o presidente da ABERT, Fl\u00e1vio Lara Resende.<\/p>\n<p><img fetchpriority=\"high\" decoding=\"async\" class=\"wp-image-18247 aligncenter\" src=\"https:\/\/www.sertsc.org.br\/site\/wp-content\/uploads\/2022\/07\/Aniversario-Email-22-5-300x200.png\" alt=\"\" width=\"512\" height=\"341\" \/><\/p>\n<p>Fonte: ABERT<\/p>\n","protected":false},"excerpt":{"rendered":"<p>A Associa\u00e7\u00e3o Brasileira de Emissoras de R\u00e1dio e Televis\u00e3o (ABERT)&hellip;<\/p>\n<p> <a class=\"more-link\" href=\"https:\/\/sertsc.org.br\/site\/18246-2\/\">Leia mais<\/a><\/p>\n","protected":false},"author":1,"featured_media":18247,"comment_status":"open","ping_status":"open","sticky":false,"template":"","format":"standard","meta":{"footnotes":""},"categories":[33,3],"tags":[],"class_list":{"0":"post-18246","1":"post","2":"type-post","3":"status-publish","4":"format-standard","5":"has-post-thumbnail","7":"category-destaques","8":"category-noticias"},"_links":{"self":[{"href":"https:\/\/sertsc.org.br\/site\/wp-json\/wp\/v2\/posts\/18246","targetHints":{"allow":["GET"]}}],"collection":[{"href":"https:\/\/sertsc.org.br\/site\/wp-json\/wp\/v2\/posts"}],"about":[{"href":"https:\/\/sertsc.org.br\/site\/wp-json\/wp\/v2\/types\/post"}],"author":[{"embeddable":true,"href":"https:\/\/sertsc.org.br\/site\/wp-json\/wp\/v2\/users\/1"}],"replies":[{"embeddable":true,"href":"https:\/\/sertsc.org.br\/site\/wp-json\/wp\/v2\/comments?post=18246"}],"version-history":[{"count":0,"href":"https:\/\/sertsc.org.br\/site\/wp-json\/wp\/v2\/posts\/18246\/revisions"}],"wp:featuredmedia":[{"embeddable":true,"href":"https:\/\/sertsc.org.br\/site\/wp-json\/"}],"wp:attachment":[{"href":"https:\/\/sertsc.org.br\/site\/wp-json\/wp\/v2\/media?parent=18246"}],"wp:term":[{"taxonomy":"category","embeddable":true,"href":"https:\/\/sertsc.org.br\/site\/wp-json\/wp\/v2\/categories?post=18246"},{"taxonomy":"post_tag","embeddable":true,"href":"https:\/\/sertsc.org.br\/site\/wp-json\/wp\/v2\/tags?post=18246"}],"curies":[{"name":"wp","href":"https:\/\/api.w.org\/{rel}","templated":true}]}}